{"id":656,"date":"2012-02-14T20:10:05","date_gmt":"2012-02-14T19:10:05","guid":{"rendered":"http:\/\/www.baer-coach.de\/tatze\/?p=656"},"modified":"2015-06-09T15:28:54","modified_gmt":"2015-06-09T14:28:54","slug":"die-leere-der-lucke","status":"publish","type":"post","link":"https:\/\/oliver-baer.de\/tatze\/die-leere-der-lucke","title":{"rendered":"Die Leere der L\u00fccke"},"content":{"rendered":"<p><em>Shitstorm<\/em> lautet der <em>Anglizismus des Jahres<\/em>. Keine \u00fcble Wahl, vorausgesetzt ein Wort verdiente einen Preis &#8211; statt eines Menschen (was f\u00e4ngt das Wort mit dem Preis an, rei\u00dft es sich nun zusammen?). Ein Mensch hat nach z\u00e4her Bem\u00fchung des Geistes einen Begriff erfunden, entwickelt und ausgebaut und ihm schlie\u00dflich ein Wort zugeordnet. Den Redaktionskater und mich st\u00f6rt am Anglizismus des Jahres nur die Begr\u00fcndung, mit der ihm diese Ehre verpasst wird:<!--more--> <\/p>\n<blockquote><p>&#8222;Shitstorm <strong>f\u00fcllt eine L\u00fccke<\/strong> im deutschen Wortschatz, die sich durch Ver\u00e4nderungen in der \u00f6ffentlichen Diskussionskultur aufgetan hat,&#8220; begr\u00fcndet die Jury ihre <a href=\"http:\/\/www.anglizismusdesjahres.de\/anglizismen-des-jahres\/adj-2011\/\">Entscheidung<\/a>.<\/p><\/blockquote>\n<p>Das liest sich plausibel, diese Begr\u00fcndung hat schon oft funktioniert, gilt sogar manchem Sprachsch\u00fctzer als hinnehmbar. Trotzdem ist die Leere der L\u00fccke unter allen denkbaren genau jenes Argument, das nicht infrage kommt. Es ist doch klar: Fremdw\u00f6rter f\u00fcllen jede L\u00fccke, sobald man der Muttersprache nicht mehr <strong>zutraut<\/strong>, sie k\u00f6nnte die L\u00fccke aus dem bereits vorhandenen Wortschatz schlie\u00dfen, sei es durch Neusch\u00f6pfung oder durch Bedeutungsverschiebung. <\/p>\n<figure id=\"attachment_666\" aria-describedby=\"caption-attachment-666\" style=\"width: 300px\" class=\"wp-caption alignleft\"><a href=\"https:\/\/oliver-baer.de\/tatze\/wp-content\/uploads\/2012\/02\/Kolbenluftpumpe_hg.jpg\"><img loading=\"lazy\" decoding=\"async\" src=\"https:\/\/oliver-baer.de\/tatze\/wp-content\/uploads\/2012\/02\/Kolbenluftpumpe_hg.jpg\" alt=\"\" title=\"Kolbenluftpumpe_hg\" width=\"300\" height=\"251\" class=\"size-full wp-image-666\" \/><\/a><figcaption id=\"caption-attachment-666\" class=\"wp-caption-text\">Kolbenluftpumpe zur Herstellung eines Vakuums (Bild  Grobe)<\/figcaption><\/figure>\n<p>Mithin k\u00f6nnte die Begr\u00fcndung noch durchgehen, wenn sie von Dieter Bohlen k\u00e4me &#8211; aber von Linguisten? Denen f\u00e4llt dieser logische Fehler nicht auf? Beziehen diese Leute Professorengeh\u00e4lter? Schade. Manches Fremdwort verdient es, dass man ihm eine L\u00fccke geradezu andient: Hereinspaziert, herzlich willkommen! Bitte bereichere unsere Sprache wie es die K\u00fcchen vom Mittelmeer der deutschen angetan haben!<\/p>\n<p>Aber bei Begr\u00fcndungen wie dieser unterliegt jeder Anglizismus erst einmal dem Generalverdacht, dass er schon deshalb \u00fcberfl\u00fcssig ist, weil er der Sch\u00f6pfung eines witzigeren, verst\u00e4ndlicheren und daher \u00fcberlegenen Wortes aus dem vertrauten Wortschatz derma\u00dfen gr\u00fcndlich im Wege steht, dass die Leute gar nicht mehr im eigenen Schatz zu kramen beginnen. Sie greifen zum Lehnwort wie der Eilige zum Junkfood: Toll, aus der amerikanischen Cuisine nichts als das Beste! <\/p>\n<p>Daf\u00fcr, dass sich lauter Wissenschaftler in der Jury tummeln, fehlt es ihrer Begr\u00fcndung am Zwingenden und ihrer Methodik am \u00dcberzeugenden. Wenn ich mich schon mit der Gefahr abfinden muss, dass den Deutschen bald nicht mehr der <em>Geisterfahrer<\/em> einf\u00e4llt, die <em>gr\u00fcne Minna<\/em> oder die <em>Trachtengruppe<\/em>, die LKW-Fahrern auf Autobahnparkpl\u00e4tzen auflauert, dann doch bitte, bitte auf Grundlage von etwas Geist, oder wenigstens Wissenschaft, die mit den Regeln der Logik noch zurechtkommt. Kurzum, der <em>Anglizismus des Jahres<\/em> n\u00fctzt so wenig wie das <em>Wort des Jahres<\/em> und das <em>Unwort des Jahres<\/em>: Ab in die Tonne, da wird sie keiner vermissen!<\/p>\n<p>(Die Beispiele Geisterfahrer usw. entstammen dem Buch <a href=\"http:\/\/www.oliver-baer.de\/tatze\/von-babylon-nach-globylon\/von-babylon-nach-globylon\">Von Babylon nach Globylon<\/a>). Da gibt&#8217;s noch mehr von der Sorte)<\/p>\n<p>Nachtrag: In der Wikipedia wird Shitstorm mit <em>Emp\u00f6rungswelle<\/em> \u00fcbersetzt. Nicht \u00fcbel. Es muss ja nicht gleich an &#8222;the shit hits the fan&#8220; erinnert werden. Mehr zum Thema gibt es hier: <a href=\"http:\/\/www.oliver-baer.de\/tatze\/gesellschaft\/die-tigerente-und-der-computer\">Die Tigerente und der Computer<\/a>.<\/p>\n<hr \/>\n<p>Bildnachweis: <a href=\"http:\/\/creativecommons.org\/licenses\/by\/3.0\/deed.de\">Hannes Grobe<\/a><\/p>\n<p>Dieser Beitrag wurde auch in den <a href=\"http:\/\/vg09.met.vgwort.de\/na\/32dcfca369f642da8fd254091c6497d0?l=http:\/\/www.vds-ev.de\/images\/stories\/startseite\/sprachnachrichten\/sn2012-01.pdf\">Sprachnachrichten des Vereins Deutsche Sprache<\/a> ver\u00f6ffentlicht (Seite 17).<\/p>\n","protected":false},"excerpt":{"rendered":"<p>Shitstorm lautet der Anglizismus des Jahres. Keine \u00fcble Wahl, vorausgesetzt ein Wort verdiente einen Preis &#8211; statt eines Menschen (was f\u00e4ngt das Wort mit dem Preis an, rei\u00dft es sich nun zusammen?). Ein Mensch hat nach z\u00e4her Bem\u00fchung des Geistes einen Begriff erfunden, entwickelt und ausgebaut und ihm schlie\u00dflich ein Wort zugeordnet. Den Redaktionskater und [&hellip;]<\/p>\n","protected":false},"author":18,"featured_media":0,"comment_status":"closed","ping_status":"open","sticky":false,"template":"","format":"standard","meta":{"footnotes":""},"categories":[15],"tags":[],"yoast_head":"<!-- This site is optimized with the Yoast SEO plugin v22.7 - https:\/\/yoast.com\/wordpress\/plugins\/seo\/ -->\n<title>Die Leere der L\u00fccke - baerentatze<\/title>\n<meta name=\"robots\" content=\"index, follow, max-snippet:-1, max-image-preview:large, max-video-preview:-1\" \/>\n<link rel=\"canonical\" href=\"https:\/\/oliver-baer.de\/tatze\/die-leere-der-lucke\" \/>\n<meta property=\"og:locale\" content=\"de_DE\" \/>\n<meta property=\"og:type\" content=\"article\" \/>\n<meta property=\"og:title\" content=\"Die Leere der L\u00fccke - baerentatze\" \/>\n<meta property=\"og:description\" content=\"Shitstorm lautet der Anglizismus des Jahres. Keine \u00fcble Wahl, vorausgesetzt ein Wort verdiente einen Preis &#8211; statt eines Menschen (was f\u00e4ngt das Wort mit dem Preis an, rei\u00dft es sich nun zusammen?). Ein Mensch hat nach z\u00e4her Bem\u00fchung des Geistes einen Begriff erfunden, entwickelt und ausgebaut und ihm schlie\u00dflich ein Wort zugeordnet. Den Redaktionskater und [&hellip;]\" \/>\n<meta property=\"og:url\" content=\"https:\/\/oliver-baer.de\/tatze\/die-leere-der-lucke\" \/>\n<meta property=\"og:site_name\" content=\"baerentatze\" \/>\n<meta property=\"article:published_time\" content=\"2012-02-14T19:10:05+00:00\" \/>\n<meta property=\"article:modified_time\" content=\"2015-06-09T14:28:54+00:00\" \/>\n<meta property=\"og:image\" content=\"https:\/\/oliver-baer.de\/tatze\/wp-content\/uploads\/2012\/02\/Kolbenluftpumpe_hg.jpg\" \/>\n<meta name=\"author\" content=\"Oliver Baer\" \/>\n<meta name=\"twitter:card\" content=\"summary_large_image\" \/>\n<meta name=\"twitter:label1\" content=\"Verfasst von\" \/>\n\t<meta name=\"twitter:data1\" content=\"Oliver Baer\" \/>\n\t<meta name=\"twitter:label2\" content=\"Gesch\u00e4tzte Lesezeit\" \/>\n\t<meta name=\"twitter:data2\" content=\"3\u00a0Minuten\" \/>\n<script type=\"application\/ld+json\" class=\"yoast-schema-graph\">{\"@context\":\"https:\/\/schema.org\",\"@graph\":[{\"@type\":\"Article\",\"@id\":\"https:\/\/oliver-baer.de\/tatze\/die-leere-der-lucke#article\",\"isPartOf\":{\"@id\":\"https:\/\/oliver-baer.de\/tatze\/die-leere-der-lucke\"},\"author\":{\"name\":\"Oliver Baer\",\"@id\":\"https:\/\/oliver-baer.de\/tatze\/#\/schema\/person\/5061b2c4e491b72f15a809aeda21ca13\"},\"headline\":\"Die Leere der L\u00fccke\",\"datePublished\":\"2012-02-14T19:10:05+00:00\",\"dateModified\":\"2015-06-09T14:28:54+00:00\",\"mainEntityOfPage\":{\"@id\":\"https:\/\/oliver-baer.de\/tatze\/die-leere-der-lucke\"},\"wordCount\":509,\"publisher\":{\"@id\":\"https:\/\/oliver-baer.de\/tatze\/#organization\"},\"image\":{\"@id\":\"https:\/\/oliver-baer.de\/tatze\/die-leere-der-lucke#primaryimage\"},\"thumbnailUrl\":\"https:\/\/oliver-baer.de\/tatze\/wp-content\/uploads\/2012\/02\/Kolbenluftpumpe_hg.jpg\",\"articleSection\":[\"Gesellschaft\"],\"inLanguage\":\"de\"},{\"@type\":\"WebPage\",\"@id\":\"https:\/\/oliver-baer.de\/tatze\/die-leere-der-lucke\",\"url\":\"https:\/\/oliver-baer.de\/tatze\/die-leere-der-lucke\",\"name\":\"Die Leere der L\u00fccke - baerentatze\",\"isPartOf\":{\"@id\":\"https:\/\/oliver-baer.de\/tatze\/#website\"},\"primaryImageOfPage\":{\"@id\":\"https:\/\/oliver-baer.de\/tatze\/die-leere-der-lucke#primaryimage\"},\"image\":{\"@id\":\"https:\/\/oliver-baer.de\/tatze\/die-leere-der-lucke#primaryimage\"},\"thumbnailUrl\":\"https:\/\/oliver-baer.de\/tatze\/wp-content\/uploads\/2012\/02\/Kolbenluftpumpe_hg.jpg\",\"datePublished\":\"2012-02-14T19:10:05+00:00\",\"dateModified\":\"2015-06-09T14:28:54+00:00\",\"breadcrumb\":{\"@id\":\"https:\/\/oliver-baer.de\/tatze\/die-leere-der-lucke#breadcrumb\"},\"inLanguage\":\"de\",\"potentialAction\":[{\"@type\":\"ReadAction\",\"target\":[\"https:\/\/oliver-baer.de\/tatze\/die-leere-der-lucke\"]}]},{\"@type\":\"ImageObject\",\"inLanguage\":\"de\",\"@id\":\"https:\/\/oliver-baer.de\/tatze\/die-leere-der-lucke#primaryimage\",\"url\":\"https:\/\/oliver-baer.de\/tatze\/wp-content\/uploads\/2012\/02\/Kolbenluftpumpe_hg.jpg\",\"contentUrl\":\"https:\/\/oliver-baer.de\/tatze\/wp-content\/uploads\/2012\/02\/Kolbenluftpumpe_hg.jpg\"},{\"@type\":\"BreadcrumbList\",\"@id\":\"https:\/\/oliver-baer.de\/tatze\/die-leere-der-lucke#breadcrumb\",\"itemListElement\":[{\"@type\":\"ListItem\",\"position\":1,\"name\":\"Startseite\",\"item\":\"https:\/\/oliver-baer.de\/tatze\"},{\"@type\":\"ListItem\",\"position\":2,\"name\":\"Die Leere der L\u00fccke\"}]},{\"@type\":\"WebSite\",\"@id\":\"https:\/\/oliver-baer.de\/tatze\/#website\",\"url\":\"https:\/\/oliver-baer.de\/tatze\/\",\"name\":\"baerentatze\",\"description\":\"wo es um Sprache geht\",\"publisher\":{\"@id\":\"https:\/\/oliver-baer.de\/tatze\/#organization\"},\"potentialAction\":[{\"@type\":\"SearchAction\",\"target\":{\"@type\":\"EntryPoint\",\"urlTemplate\":\"https:\/\/oliver-baer.de\/tatze\/?s={search_term_string}\"},\"query-input\":\"required name=search_term_string\"}],\"inLanguage\":\"de\"},{\"@type\":\"Organization\",\"@id\":\"https:\/\/oliver-baer.de\/tatze\/#organization\",\"name\":\"baerentatze\",\"url\":\"https:\/\/oliver-baer.de\/tatze\/\",\"logo\":{\"@type\":\"ImageObject\",\"inLanguage\":\"de\",\"@id\":\"https:\/\/oliver-baer.de\/tatze\/#\/schema\/logo\/image\/\",\"url\":\"https:\/\/oliver-baer.de\/tatze\/wp-content\/uploads\/2024\/05\/cropped-tatze-icon-1-1.png\",\"contentUrl\":\"https:\/\/oliver-baer.de\/tatze\/wp-content\/uploads\/2024\/05\/cropped-tatze-icon-1-1.png\",\"width\":1024,\"height\":1024,\"caption\":\"baerentatze\"},\"image\":{\"@id\":\"https:\/\/oliver-baer.de\/tatze\/#\/schema\/logo\/image\/\"}},{\"@type\":\"Person\",\"@id\":\"https:\/\/oliver-baer.de\/tatze\/#\/schema\/person\/5061b2c4e491b72f15a809aeda21ca13\",\"name\":\"Oliver Baer\",\"sameAs\":[\"http:\/\/www.oliver-baer.de\",\"https:\/\/www.linkedin.com\/in\/oliver-baer-98829327\/\"],\"url\":\"https:\/\/oliver-baer.de\/tatze\/author\/admin-2\"}]}<\/script>\n<!-- \/ Yoast SEO plugin. -->","yoast_head_json":{"title":"Die Leere der L\u00fccke - baerentatze","robots":{"index":"index","follow":"follow","max-snippet":"max-snippet:-1","max-image-preview":"max-image-preview:large","max-video-preview":"max-video-preview:-1"},"canonical":"https:\/\/oliver-baer.de\/tatze\/die-leere-der-lucke","og_locale":"de_DE","og_type":"article","og_title":"Die Leere der L\u00fccke - baerentatze","og_description":"Shitstorm lautet der Anglizismus des Jahres. Keine \u00fcble Wahl, vorausgesetzt ein Wort verdiente einen Preis &#8211; statt eines Menschen (was f\u00e4ngt das Wort mit dem Preis an, rei\u00dft es sich nun zusammen?). Ein Mensch hat nach z\u00e4her Bem\u00fchung des Geistes einen Begriff erfunden, entwickelt und ausgebaut und ihm schlie\u00dflich ein Wort zugeordnet. Den Redaktionskater und [&hellip;]","og_url":"https:\/\/oliver-baer.de\/tatze\/die-leere-der-lucke","og_site_name":"baerentatze","article_published_time":"2012-02-14T19:10:05+00:00","article_modified_time":"2015-06-09T14:28:54+00:00","og_image":[{"url":"https:\/\/oliver-baer.de\/tatze\/wp-content\/uploads\/2012\/02\/Kolbenluftpumpe_hg.jpg"}],"author":"Oliver Baer","twitter_card":"summary_large_image","twitter_misc":{"Verfasst von":"Oliver Baer","Gesch\u00e4tzte Lesezeit":"3\u00a0Minuten"},"schema":{"@context":"https:\/\/schema.org","@graph":[{"@type":"Article","@id":"https:\/\/oliver-baer.de\/tatze\/die-leere-der-lucke#article","isPartOf":{"@id":"https:\/\/oliver-baer.de\/tatze\/die-leere-der-lucke"},"author":{"name":"Oliver Baer","@id":"https:\/\/oliver-baer.de\/tatze\/#\/schema\/person\/5061b2c4e491b72f15a809aeda21ca13"},"headline":"Die Leere der L\u00fccke","datePublished":"2012-02-14T19:10:05+00:00","dateModified":"2015-06-09T14:28:54+00:00","mainEntityOfPage":{"@id":"https:\/\/oliver-baer.de\/tatze\/die-leere-der-lucke"},"wordCount":509,"publisher":{"@id":"https:\/\/oliver-baer.de\/tatze\/#organization"},"image":{"@id":"https:\/\/oliver-baer.de\/tatze\/die-leere-der-lucke#primaryimage"},"thumbnailUrl":"https:\/\/oliver-baer.de\/tatze\/wp-content\/uploads\/2012\/02\/Kolbenluftpumpe_hg.jpg","articleSection":["Gesellschaft"],"inLanguage":"de"},{"@type":"WebPage","@id":"https:\/\/oliver-baer.de\/tatze\/die-leere-der-lucke","url":"https:\/\/oliver-baer.de\/tatze\/die-leere-der-lucke","name":"Die Leere der L\u00fccke - baerentatze","isPartOf":{"@id":"https:\/\/oliver-baer.de\/tatze\/#website"},"primaryImageOfPage":{"@id":"https:\/\/oliver-baer.de\/tatze\/die-leere-der-lucke#primaryimage"},"image":{"@id":"https:\/\/oliver-baer.de\/tatze\/die-leere-der-lucke#primaryimage"},"thumbnailUrl":"https:\/\/oliver-baer.de\/tatze\/wp-content\/uploads\/2012\/02\/Kolbenluftpumpe_hg.jpg","datePublished":"2012-02-14T19:10:05+00:00","dateModified":"2015-06-09T14:28:54+00:00","breadcrumb":{"@id":"https:\/\/oliver-baer.de\/tatze\/die-leere-der-lucke#breadcrumb"},"inLanguage":"de","potentialAction":[{"@type":"ReadAction","target":["https:\/\/oliver-baer.de\/tatze\/die-leere-der-lucke"]}]},{"@type":"ImageObject","inLanguage":"de","@id":"https:\/\/oliver-baer.de\/tatze\/die-leere-der-lucke#primaryimage","url":"https:\/\/oliver-baer.de\/tatze\/wp-content\/uploads\/2012\/02\/Kolbenluftpumpe_hg.jpg","contentUrl":"https:\/\/oliver-baer.de\/tatze\/wp-content\/uploads\/2012\/02\/Kolbenluftpumpe_hg.jpg"},{"@type":"BreadcrumbList","@id":"https:\/\/oliver-baer.de\/tatze\/die-leere-der-lucke#breadcrumb","itemListElement":[{"@type":"ListItem","position":1,"name":"Startseite","item":"https:\/\/oliver-baer.de\/tatze"},{"@type":"ListItem","position":2,"name":"Die Leere der L\u00fccke"}]},{"@type":"WebSite","@id":"https:\/\/oliver-baer.de\/tatze\/#website","url":"https:\/\/oliver-baer.de\/tatze\/","name":"baerentatze","description":"wo es um Sprache geht","publisher":{"@id":"https:\/\/oliver-baer.de\/tatze\/#organization"},"potentialAction":[{"@type":"SearchAction","target":{"@type":"EntryPoint","urlTemplate":"https:\/\/oliver-baer.de\/tatze\/?s={search_term_string}"},"query-input":"required name=search_term_string"}],"inLanguage":"de"},{"@type":"Organization","@id":"https:\/\/oliver-baer.de\/tatze\/#organization","name":"baerentatze","url":"https:\/\/oliver-baer.de\/tatze\/","logo":{"@type":"ImageObject","inLanguage":"de","@id":"https:\/\/oliver-baer.de\/tatze\/#\/schema\/logo\/image\/","url":"https:\/\/oliver-baer.de\/tatze\/wp-content\/uploads\/2024\/05\/cropped-tatze-icon-1-1.png","contentUrl":"https:\/\/oliver-baer.de\/tatze\/wp-content\/uploads\/2024\/05\/cropped-tatze-icon-1-1.png","width":1024,"height":1024,"caption":"baerentatze"},"image":{"@id":"https:\/\/oliver-baer.de\/tatze\/#\/schema\/logo\/image\/"}},{"@type":"Person","@id":"https:\/\/oliver-baer.de\/tatze\/#\/schema\/person\/5061b2c4e491b72f15a809aeda21ca13","name":"Oliver Baer","sameAs":["http:\/\/www.oliver-baer.de","https:\/\/www.linkedin.com\/in\/oliver-baer-98829327\/"],"url":"https:\/\/oliver-baer.de\/tatze\/author\/admin-2"}]}},"_links":{"self":[{"href":"https:\/\/oliver-baer.de\/tatze\/wp-json\/wp\/v2\/posts\/656"}],"collection":[{"href":"https:\/\/oliver-baer.de\/tatze\/wp-json\/wp\/v2\/posts"}],"about":[{"href":"https:\/\/oliver-baer.de\/tatze\/wp-json\/wp\/v2\/types\/post"}],"author":[{"embeddable":true,"href":"https:\/\/oliver-baer.de\/tatze\/wp-json\/wp\/v2\/users\/18"}],"replies":[{"embeddable":true,"href":"https:\/\/oliver-baer.de\/tatze\/wp-json\/wp\/v2\/comments?post=656"}],"version-history":[{"count":39,"href":"https:\/\/oliver-baer.de\/tatze\/wp-json\/wp\/v2\/posts\/656\/revisions"}],"predecessor-version":[{"id":3287,"href":"https:\/\/oliver-baer.de\/tatze\/wp-json\/wp\/v2\/posts\/656\/revisions\/3287"}],"wp:attachment":[{"href":"https:\/\/oliver-baer.de\/tatze\/wp-json\/wp\/v2\/media?parent=656"}],"wp:term":[{"taxonomy":"category","embeddable":true,"href":"https:\/\/oliver-baer.de\/tatze\/wp-json\/wp\/v2\/categories?post=656"},{"taxonomy":"post_tag","embeddable":true,"href":"https:\/\/oliver-baer.de\/tatze\/wp-json\/wp\/v2\/tags?post=656"}],"curies":[{"name":"wp","href":"https:\/\/api.w.org\/{rel}","templated":true}]}}