{"id":54,"date":"2006-07-31T17:59:00","date_gmt":"2006-07-31T15:59:00","guid":{"rendered":"http:\/\/www.baer-coach.de\/tatze\/2006\/07\/31\/friede-mit-der-reform-der-rechten-schreibung\/"},"modified":"2009-02-28T15:53:39","modified_gmt":"2009-02-28T14:53:39","slug":"friede-mit-der-reform-der-rechten-schreibung","status":"publish","type":"post","link":"https:\/\/oliver-baer.de\/tatze\/friede-mit-der-reform-der-rechten-schreibung","title":{"rendered":"Frieden mit der Reform der rechten Schreibung"},"content":{"rendered":"<p>Jeder mag sie handhaben, wie er m\u00f6chte &#8211; die baerentatze wird sich auf die neue, reformierte Rechtschreibreform einpendeln. Nicht etwa, weil sie mir besser passte, sondern weil mich k\u00fcmmert, <em>was<\/em> die Leute sagen und <em>wie<\/em> sie es tun. Dass die &#8222;Reform&#8220; einiges zerst\u00f6rt hat, w\u00e4re den Streit nur noch wert, wenn die vereinten Kr\u00e4fte gen\u00fcgten, die gesamte Reform zu kippen. Das ist so wahrscheinlich wie Frieden im Nahen Osten. <\/p>\n<p>Schauen Sie mal im neuen Duden nach. Wo beide erlaubt sind, nennt der Duden die reformierte Schreibung neben der alten, wieder zugelassenen und empfiehlt die Wahl der Redaktion. Pedantisch wird die baerentatze nicht per Duden korrigiert, aber <em>man gew\u00f6hnt sich ja an allem, selbst am Dativ<\/em>.<\/p>\n<p>Nachtrag: Berufen Sie sich nicht auf den Duden, bevor sie nachgeschlagen haben. Noch besser: Besorgen Sie sich den Wahrig, seine Redaktion hat besser aufgepasst.<\/p>\n","protected":false},"excerpt":{"rendered":"<p>Jeder mag sie handhaben, wie er m\u00f6chte &#8211; die baerentatze wird sich auf die neue, reformierte Rechtschreibreform einpendeln. Nicht etwa, weil sie mir besser passte, sondern weil mich k\u00fcmmert, was die Leute sagen und wie sie es tun. Dass die &#8222;Reform&#8220; einiges zerst\u00f6rt hat, w\u00e4re den Streit nur noch wert, wenn die vereinten Kr\u00e4fte gen\u00fcgten, [&hellip;]<\/p>\n","protected":false},"author":18,"featured_media":0,"comment_status":"open","ping_status":"open","sticky":false,"template":"","format":"standard","meta":{"footnotes":""},"categories":[15],"tags":[],"yoast_head":"<!-- This site is optimized with the Yoast SEO plugin v22.7 - https:\/\/yoast.com\/wordpress\/plugins\/seo\/ -->\n<title>Frieden mit der Reform der rechten Schreibung - baerentatze<\/title>\n<meta name=\"robots\" content=\"index, follow, max-snippet:-1, max-image-preview:large, max-video-preview:-1\" \/>\n<link rel=\"canonical\" href=\"https:\/\/oliver-baer.de\/tatze\/friede-mit-der-reform-der-rechten-schreibung\" \/>\n<meta property=\"og:locale\" content=\"de_DE\" \/>\n<meta property=\"og:type\" content=\"article\" \/>\n<meta property=\"og:title\" content=\"Frieden mit der Reform der rechten Schreibung - baerentatze\" \/>\n<meta property=\"og:description\" content=\"Jeder mag sie handhaben, wie er m\u00f6chte &#8211; die baerentatze wird sich auf die neue, reformierte Rechtschreibreform einpendeln. Nicht etwa, weil sie mir besser passte, sondern weil mich k\u00fcmmert, was die Leute sagen und wie sie es tun. Dass die &#8222;Reform&#8220; einiges zerst\u00f6rt hat, w\u00e4re den Streit nur noch wert, wenn die vereinten Kr\u00e4fte gen\u00fcgten, [&hellip;]\" \/>\n<meta property=\"og:url\" content=\"https:\/\/oliver-baer.de\/tatze\/friede-mit-der-reform-der-rechten-schreibung\" \/>\n<meta property=\"og:site_name\" content=\"baerentatze\" \/>\n<meta property=\"article:published_time\" content=\"2006-07-31T15:59:00+00:00\" \/>\n<meta property=\"article:modified_time\" content=\"2009-02-28T14:53:39+00:00\" \/>\n<meta name=\"author\" content=\"Oliver Baer\" \/>\n<meta name=\"twitter:card\" content=\"summary_large_image\" \/>\n<meta name=\"twitter:label1\" content=\"Verfasst von\" \/>\n\t<meta name=\"twitter:data1\" content=\"Oliver Baer\" \/>\n\t<meta name=\"twitter:label2\" content=\"Gesch\u00e4tzte Lesezeit\" \/>\n\t<meta name=\"twitter:data2\" content=\"1\u00a0Minute\" \/>\n<script type=\"application\/ld+json\" class=\"yoast-schema-graph\">{\"@context\":\"https:\/\/schema.org\",\"@graph\":[{\"@type\":\"Article\",\"@id\":\"https:\/\/oliver-baer.de\/tatze\/friede-mit-der-reform-der-rechten-schreibung#article\",\"isPartOf\":{\"@id\":\"https:\/\/oliver-baer.de\/tatze\/friede-mit-der-reform-der-rechten-schreibung\"},\"author\":{\"name\":\"Oliver Baer\",\"@id\":\"https:\/\/oliver-baer.de\/tatze\/#\/schema\/person\/5061b2c4e491b72f15a809aeda21ca13\"},\"headline\":\"Frieden mit der Reform der rechten Schreibung\",\"datePublished\":\"2006-07-31T15:59:00+00:00\",\"dateModified\":\"2009-02-28T14:53:39+00:00\",\"mainEntityOfPage\":{\"@id\":\"https:\/\/oliver-baer.de\/tatze\/friede-mit-der-reform-der-rechten-schreibung\"},\"wordCount\":153,\"commentCount\":6,\"publisher\":{\"@id\":\"https:\/\/oliver-baer.de\/tatze\/#organization\"},\"articleSection\":[\"Gesellschaft\"],\"inLanguage\":\"de\",\"potentialAction\":[{\"@type\":\"CommentAction\",\"name\":\"Comment\",\"target\":[\"https:\/\/oliver-baer.de\/tatze\/friede-mit-der-reform-der-rechten-schreibung#respond\"]}]},{\"@type\":\"WebPage\",\"@id\":\"https:\/\/oliver-baer.de\/tatze\/friede-mit-der-reform-der-rechten-schreibung\",\"url\":\"https:\/\/oliver-baer.de\/tatze\/friede-mit-der-reform-der-rechten-schreibung\",\"name\":\"Frieden mit der Reform der rechten Schreibung - baerentatze\",\"isPartOf\":{\"@id\":\"https:\/\/oliver-baer.de\/tatze\/#website\"},\"datePublished\":\"2006-07-31T15:59:00+00:00\",\"dateModified\":\"2009-02-28T14:53:39+00:00\",\"breadcrumb\":{\"@id\":\"https:\/\/oliver-baer.de\/tatze\/friede-mit-der-reform-der-rechten-schreibung#breadcrumb\"},\"inLanguage\":\"de\",\"potentialAction\":[{\"@type\":\"ReadAction\",\"target\":[\"https:\/\/oliver-baer.de\/tatze\/friede-mit-der-reform-der-rechten-schreibung\"]}]},{\"@type\":\"BreadcrumbList\",\"@id\":\"https:\/\/oliver-baer.de\/tatze\/friede-mit-der-reform-der-rechten-schreibung#breadcrumb\",\"itemListElement\":[{\"@type\":\"ListItem\",\"position\":1,\"name\":\"Startseite\",\"item\":\"https:\/\/oliver-baer.de\/tatze\"},{\"@type\":\"ListItem\",\"position\":2,\"name\":\"Frieden mit der Reform der rechten Schreibung\"}]},{\"@type\":\"WebSite\",\"@id\":\"https:\/\/oliver-baer.de\/tatze\/#website\",\"url\":\"https:\/\/oliver-baer.de\/tatze\/\",\"name\":\"baerentatze\",\"description\":\"wo es um Sprache geht\",\"publisher\":{\"@id\":\"https:\/\/oliver-baer.de\/tatze\/#organization\"},\"potentialAction\":[{\"@type\":\"SearchAction\",\"target\":{\"@type\":\"EntryPoint\",\"urlTemplate\":\"https:\/\/oliver-baer.de\/tatze\/?s={search_term_string}\"},\"query-input\":\"required name=search_term_string\"}],\"inLanguage\":\"de\"},{\"@type\":\"Organization\",\"@id\":\"https:\/\/oliver-baer.de\/tatze\/#organization\",\"name\":\"baerentatze\",\"url\":\"https:\/\/oliver-baer.de\/tatze\/\",\"logo\":{\"@type\":\"ImageObject\",\"inLanguage\":\"de\",\"@id\":\"https:\/\/oliver-baer.de\/tatze\/#\/schema\/logo\/image\/\",\"url\":\"https:\/\/oliver-baer.de\/tatze\/wp-content\/uploads\/2024\/05\/cropped-tatze-icon-1-1.png\",\"contentUrl\":\"https:\/\/oliver-baer.de\/tatze\/wp-content\/uploads\/2024\/05\/cropped-tatze-icon-1-1.png\",\"width\":1024,\"height\":1024,\"caption\":\"baerentatze\"},\"image\":{\"@id\":\"https:\/\/oliver-baer.de\/tatze\/#\/schema\/logo\/image\/\"}},{\"@type\":\"Person\",\"@id\":\"https:\/\/oliver-baer.de\/tatze\/#\/schema\/person\/5061b2c4e491b72f15a809aeda21ca13\",\"name\":\"Oliver Baer\",\"sameAs\":[\"http:\/\/www.oliver-baer.de\",\"https:\/\/www.linkedin.com\/in\/oliver-baer-98829327\/\"],\"url\":\"https:\/\/oliver-baer.de\/tatze\/author\/admin-2\"}]}<\/script>\n<!-- \/ Yoast SEO plugin. -->","yoast_head_json":{"title":"Frieden mit der Reform der rechten Schreibung - baerentatze","robots":{"index":"index","follow":"follow","max-snippet":"max-snippet:-1","max-image-preview":"max-image-preview:large","max-video-preview":"max-video-preview:-1"},"canonical":"https:\/\/oliver-baer.de\/tatze\/friede-mit-der-reform-der-rechten-schreibung","og_locale":"de_DE","og_type":"article","og_title":"Frieden mit der Reform der rechten Schreibung - baerentatze","og_description":"Jeder mag sie handhaben, wie er m\u00f6chte &#8211; die baerentatze wird sich auf die neue, reformierte Rechtschreibreform einpendeln. Nicht etwa, weil sie mir besser passte, sondern weil mich k\u00fcmmert, was die Leute sagen und wie sie es tun. Dass die &#8222;Reform&#8220; einiges zerst\u00f6rt hat, w\u00e4re den Streit nur noch wert, wenn die vereinten Kr\u00e4fte gen\u00fcgten, [&hellip;]","og_url":"https:\/\/oliver-baer.de\/tatze\/friede-mit-der-reform-der-rechten-schreibung","og_site_name":"baerentatze","article_published_time":"2006-07-31T15:59:00+00:00","article_modified_time":"2009-02-28T14:53:39+00:00","author":"Oliver Baer","twitter_card":"summary_large_image","twitter_misc":{"Verfasst von":"Oliver Baer","Gesch\u00e4tzte Lesezeit":"1\u00a0Minute"},"schema":{"@context":"https:\/\/schema.org","@graph":[{"@type":"Article","@id":"https:\/\/oliver-baer.de\/tatze\/friede-mit-der-reform-der-rechten-schreibung#article","isPartOf":{"@id":"https:\/\/oliver-baer.de\/tatze\/friede-mit-der-reform-der-rechten-schreibung"},"author":{"name":"Oliver Baer","@id":"https:\/\/oliver-baer.de\/tatze\/#\/schema\/person\/5061b2c4e491b72f15a809aeda21ca13"},"headline":"Frieden mit der Reform der rechten Schreibung","datePublished":"2006-07-31T15:59:00+00:00","dateModified":"2009-02-28T14:53:39+00:00","mainEntityOfPage":{"@id":"https:\/\/oliver-baer.de\/tatze\/friede-mit-der-reform-der-rechten-schreibung"},"wordCount":153,"commentCount":6,"publisher":{"@id":"https:\/\/oliver-baer.de\/tatze\/#organization"},"articleSection":["Gesellschaft"],"inLanguage":"de","potentialAction":[{"@type":"CommentAction","name":"Comment","target":["https:\/\/oliver-baer.de\/tatze\/friede-mit-der-reform-der-rechten-schreibung#respond"]}]},{"@type":"WebPage","@id":"https:\/\/oliver-baer.de\/tatze\/friede-mit-der-reform-der-rechten-schreibung","url":"https:\/\/oliver-baer.de\/tatze\/friede-mit-der-reform-der-rechten-schreibung","name":"Frieden mit der Reform der rechten Schreibung - baerentatze","isPartOf":{"@id":"https:\/\/oliver-baer.de\/tatze\/#website"},"datePublished":"2006-07-31T15:59:00+00:00","dateModified":"2009-02-28T14:53:39+00:00","breadcrumb":{"@id":"https:\/\/oliver-baer.de\/tatze\/friede-mit-der-reform-der-rechten-schreibung#breadcrumb"},"inLanguage":"de","potentialAction":[{"@type":"ReadAction","target":["https:\/\/oliver-baer.de\/tatze\/friede-mit-der-reform-der-rechten-schreibung"]}]},{"@type":"BreadcrumbList","@id":"https:\/\/oliver-baer.de\/tatze\/friede-mit-der-reform-der-rechten-schreibung#breadcrumb","itemListElement":[{"@type":"ListItem","position":1,"name":"Startseite","item":"https:\/\/oliver-baer.de\/tatze"},{"@type":"ListItem","position":2,"name":"Frieden mit der Reform der rechten Schreibung"}]},{"@type":"WebSite","@id":"https:\/\/oliver-baer.de\/tatze\/#website","url":"https:\/\/oliver-baer.de\/tatze\/","name":"baerentatze","description":"wo es um Sprache geht","publisher":{"@id":"https:\/\/oliver-baer.de\/tatze\/#organization"},"potentialAction":[{"@type":"SearchAction","target":{"@type":"EntryPoint","urlTemplate":"https:\/\/oliver-baer.de\/tatze\/?s={search_term_string}"},"query-input":"required name=search_term_string"}],"inLanguage":"de"},{"@type":"Organization","@id":"https:\/\/oliver-baer.de\/tatze\/#organization","name":"baerentatze","url":"https:\/\/oliver-baer.de\/tatze\/","logo":{"@type":"ImageObject","inLanguage":"de","@id":"https:\/\/oliver-baer.de\/tatze\/#\/schema\/logo\/image\/","url":"https:\/\/oliver-baer.de\/tatze\/wp-content\/uploads\/2024\/05\/cropped-tatze-icon-1-1.png","contentUrl":"https:\/\/oliver-baer.de\/tatze\/wp-content\/uploads\/2024\/05\/cropped-tatze-icon-1-1.png","width":1024,"height":1024,"caption":"baerentatze"},"image":{"@id":"https:\/\/oliver-baer.de\/tatze\/#\/schema\/logo\/image\/"}},{"@type":"Person","@id":"https:\/\/oliver-baer.de\/tatze\/#\/schema\/person\/5061b2c4e491b72f15a809aeda21ca13","name":"Oliver Baer","sameAs":["http:\/\/www.oliver-baer.de","https:\/\/www.linkedin.com\/in\/oliver-baer-98829327\/"],"url":"https:\/\/oliver-baer.de\/tatze\/author\/admin-2"}]}},"_links":{"self":[{"href":"https:\/\/oliver-baer.de\/tatze\/wp-json\/wp\/v2\/posts\/54"}],"collection":[{"href":"https:\/\/oliver-baer.de\/tatze\/wp-json\/wp\/v2\/posts"}],"about":[{"href":"https:\/\/oliver-baer.de\/tatze\/wp-json\/wp\/v2\/types\/post"}],"author":[{"embeddable":true,"href":"https:\/\/oliver-baer.de\/tatze\/wp-json\/wp\/v2\/users\/18"}],"replies":[{"embeddable":true,"href":"https:\/\/oliver-baer.de\/tatze\/wp-json\/wp\/v2\/comments?post=54"}],"version-history":[{"count":0,"href":"https:\/\/oliver-baer.de\/tatze\/wp-json\/wp\/v2\/posts\/54\/revisions"}],"wp:attachment":[{"href":"https:\/\/oliver-baer.de\/tatze\/wp-json\/wp\/v2\/media?parent=54"}],"wp:term":[{"taxonomy":"category","embeddable":true,"href":"https:\/\/oliver-baer.de\/tatze\/wp-json\/wp\/v2\/categories?post=54"},{"taxonomy":"post_tag","embeddable":true,"href":"https:\/\/oliver-baer.de\/tatze\/wp-json\/wp\/v2\/tags?post=54"}],"curies":[{"name":"wp","href":"https:\/\/api.w.org\/{rel}","templated":true}]}}