{"id":5170,"date":"2020-11-01T18:23:07","date_gmt":"2020-11-01T17:23:07","guid":{"rendered":"https:\/\/oliver-baer.de\/tatze\/?p=5170"},"modified":"2020-11-01T18:23:07","modified_gmt":"2020-11-01T17:23:07","slug":"die-buerger-leben-von-ziviler-sprache","status":"publish","type":"post","link":"https:\/\/oliver-baer.de\/tatze\/die-buerger-leben-von-ziviler-sprache","title":{"rendered":"Die B\u00fcrger leben von ziviler Sprache"},"content":{"rendered":"<p><em>Je nach Milieu, in dem wir uns bewegen, gilt als gekl\u00e4rt, was beispielsweise unter Frauenfeindlichkeit zu verstehen sei, sowie unter Rassismus, Populismus, Meinungsterror, Bevormundung und einigem mehr. Mit Lautst\u00e4rke und durch st\u00e4ndiges Wiederholen sollen W\u00f6rter final mit einer Bedeutung besetzt werden, die vor allem einem dient &#8211; dem verbalen Nahkampf. So bedeutet neuerdings das Wort \u201erechts\u201c dasselbe wie \u201erechtsextrem\u201c. Als k\u00f6nnten wir auf die Unterscheidung verzichten&#8230;<\/em> <\/p>\n<p><figure id=\"attachment_5197\" aria-describedby=\"caption-attachment-5197\" style=\"width: 250px\" class=\"wp-caption alignleft\"><img loading=\"lazy\" decoding=\"async\" src=\"https:\/\/oliver-baer.de\/tatze\/wp-content\/uploads\/2020\/08\/42-pinkeln-red.jpg\" alt=\"\" width=\"250\" height=\"188\" class=\"size-full wp-image-5197\" \/><figcaption id=\"caption-attachment-5197\" class=\"wp-caption-text\">Das hat der deutsche Hund zu unterlassen (Bild Behland)<\/figcaption><\/figure>In den Medien, zumal in den sozialen Netzwerken, in der Kloake des Internets, gleichen die g\u00e4ngigen Kampfbegriffe einem Linolschnitt. Das Bild schwarz-wei\u00df, die Farben muss sich jeder dazu denken. Wenn er denn will. Soll er aber nicht, denn er bleibt seinem Milieu treu. Abweichungen von der Milieumeinung werden mit Ausgrenzung bestraft. Schade, eine nuancierte Wahrnehmung, schon gar wenn man sie sprachlich ausdr\u00fcckt, ist unertr\u00e4glich f\u00fcr Leute, die ein leises Abw\u00e4gen und eine taktvolle Sprache verachten &#8211; oder selber nicht beherrschen.   <\/p>\n<p>Nun ist freies Denken kein Problem f\u00fcr Leute, die noch den Schmerz beim Anfertigen eigener Gedanken erleben. Aber die meisten denken nicht. Sie wiederholen, was schon andere vor ihnen &#8211; auch schon nicht selber gedacht, sondern irgendwo abgeschrieben haben. <strong>Wiederk\u00e4uen ist aber kein Denken.<\/strong> Wer seine Sprache mit Bl\u00e4hw\u00f6rtern und Kampfparolen verkleistert, verliert das Geschick, Meinung von Beobachtung zu unterscheiden. Klares Denken, so viel ist bewiesen, gelingt mit gepflegter Sprache am besten. Kein Wunder, dass Sprachbesorgte und Sprachliebhaber im Verein Deutsche Sprache zusammenkommen, nicht immer friedlich, oft leidenschaftlich, mitunter zornig.<\/p>\n<p>Fragen wir uns selbst: Wenn wir jede Beobachtung, die uns nicht passt, als Meinung abtun, statt hinzuh\u00f6ren, ob vielleicht doch eine bisher unbeachtete Tatsache unser Weltbild durchr\u00fctteln k\u00f6nnte, \u00e4hneln wir dann nicht Donald Trump? Und gilt nicht das Gleiche, wenn wir eine Meinung als populistisch abtun, als sei sie gar nicht erst der Rede wert? Derlei Tricks aus unteren Schubladen sollten unter unserem Niveau liegen. Bequem sind sie nur f\u00fcr Leute, die das Denken ihrem Schlaufon \u00fcberlassen. Aber selbst diese k\u00f6nnten es mal versuchen, den eigenen Grips wiederzubeleben. <\/p>\n<p>Zwischen der taktlosen Entgleisung eines Clemens T\u00f6nnies und der Mail an eine Kitaleiterin: \u201eIch bringe dich um!\u201c findet sich viel Spielraum. Wenn wir vers\u00e4umen, diesen Spielraum mit offener Verst\u00e4ndigung zu f\u00fcllen, brauchen wir uns \u00fcber den Drang zu unappetitlichen oder gar gewaltbereiten Gruppierungen nicht zu beschweren. Z\u00e4hlen nicht zu den Verursachern des Rechtsrucks die von der Rechtschaffenheit ihrer Sprache begeisterten Blasierten? Und haben vielleicht die nicht minder blasierten Polemiker auf der Rechten das brutal missionarische Auftreten der Linken zu verantworten? Folgt nicht auf jede Aktion eine Reaktion? M\u00fcssten wir uns nicht vorsichtiger ausdr\u00fccken?<\/p>\n<p>Stattdessen vergreift man sich schon mal im Ton, links wie rechts \u2013 immer \u00f6fter auch in der Mitte, die den Missbrauch der Sprache besonders schmerzvoll erlebt. Dennoch, damit muss leben k\u00f6nnen, wer noch zum Gedeihen einer Zivilgesellschaft beitragen m\u00f6chte. Sprache ist mehr als ein Bolzplatz f\u00fcr Linguisten und Feministen, f\u00fcr Gutmenschen und Betonk\u00f6pfe, f\u00fcr Klimaleugner und Klimabetroffene, f\u00fcr Politiker und ihre \u2013 nicht ganz so dummen \u2013 W\u00e4hler. Da tut ein Verein gut, der verhindern will, dass Muttersprachen auf Kreolniveau absacken. Auf ein Niveau, wo keiner mehr merkt, wie er hinters Licht gef\u00fchrt wird, weil er mit der Muttersprache sein Denkverm\u00f6gen entsorgt. Die Gesellschaft der B\u00fcrger, die Zivilgesellschaft, lebt von dem Bem\u00fchen um zivile Sprache, und in dieser sind <strong>rechts<\/strong> und <strong>rechtsau\u00dfen<\/strong> nicht dasselbe.<\/p>\n<hr \/>\n<p>Dieser Beitrag wurde im Herbst 2019 in den Sprachnachrichten des Vereins Deutsche Sprache (3\/2019) ver\u00f6ffentlicht, und hier im Blog der baerentatze umst\u00e4ndehalber erst heute.<\/p>\n","protected":false},"excerpt":{"rendered":"<p>Je nach Milieu, in dem wir uns bewegen, gilt als gekl\u00e4rt, was beispielsweise unter Frauenfeindlichkeit zu verstehen sei, sowie unter Rassismus, Populismus, Meinungsterror, Bevormundung und einigem mehr. Mit Lautst\u00e4rke und durch st\u00e4ndiges Wiederholen sollen W\u00f6rter final mit einer Bedeutung besetzt werden, die vor allem einem dient &#8211; dem verbalen Nahkampf. So bedeutet neuerdings das Wort [&hellip;]<\/p>\n","protected":false},"author":18,"featured_media":0,"comment_status":"closed","ping_status":"open","sticky":false,"template":"","format":"standard","meta":{"footnotes":""},"categories":[15],"tags":[],"yoast_head":"<!-- This site is optimized with the Yoast SEO plugin v22.7 - https:\/\/yoast.com\/wordpress\/plugins\/seo\/ -->\n<title>Die B\u00fcrger leben von ziviler Sprache - baerentatze<\/title>\n<meta name=\"robots\" content=\"index, follow, max-snippet:-1, max-image-preview:large, max-video-preview:-1\" \/>\n<link rel=\"canonical\" href=\"https:\/\/oliver-baer.de\/tatze\/die-buerger-leben-von-ziviler-sprache\" \/>\n<meta property=\"og:locale\" content=\"de_DE\" \/>\n<meta property=\"og:type\" content=\"article\" \/>\n<meta property=\"og:title\" content=\"Die B\u00fcrger leben von ziviler Sprache - baerentatze\" \/>\n<meta property=\"og:description\" content=\"Je nach Milieu, in dem wir uns bewegen, gilt als gekl\u00e4rt, was beispielsweise unter Frauenfeindlichkeit zu verstehen sei, sowie unter Rassismus, Populismus, Meinungsterror, Bevormundung und einigem mehr. Mit Lautst\u00e4rke und durch st\u00e4ndiges Wiederholen sollen W\u00f6rter final mit einer Bedeutung besetzt werden, die vor allem einem dient &#8211; dem verbalen Nahkampf. So bedeutet neuerdings das Wort [&hellip;]\" \/>\n<meta property=\"og:url\" content=\"https:\/\/oliver-baer.de\/tatze\/die-buerger-leben-von-ziviler-sprache\" \/>\n<meta property=\"og:site_name\" content=\"baerentatze\" \/>\n<meta property=\"article:published_time\" content=\"2020-11-01T17:23:07+00:00\" \/>\n<meta property=\"og:image\" content=\"https:\/\/oliver-baer.de\/tatze\/wp-content\/uploads\/2020\/08\/42-pinkeln-red.jpg\" \/>\n<meta name=\"author\" content=\"Oliver Baer\" \/>\n<meta name=\"twitter:card\" content=\"summary_large_image\" \/>\n<meta name=\"twitter:label1\" content=\"Verfasst von\" \/>\n\t<meta name=\"twitter:data1\" content=\"Oliver Baer\" \/>\n\t<meta name=\"twitter:label2\" content=\"Gesch\u00e4tzte Lesezeit\" \/>\n\t<meta name=\"twitter:data2\" content=\"3\u00a0Minuten\" \/>\n<script type=\"application\/ld+json\" class=\"yoast-schema-graph\">{\"@context\":\"https:\/\/schema.org\",\"@graph\":[{\"@type\":\"Article\",\"@id\":\"https:\/\/oliver-baer.de\/tatze\/die-buerger-leben-von-ziviler-sprache#article\",\"isPartOf\":{\"@id\":\"https:\/\/oliver-baer.de\/tatze\/die-buerger-leben-von-ziviler-sprache\"},\"author\":{\"name\":\"Oliver Baer\",\"@id\":\"https:\/\/oliver-baer.de\/tatze\/#\/schema\/person\/5061b2c4e491b72f15a809aeda21ca13\"},\"headline\":\"Die B\u00fcrger leben von ziviler Sprache\",\"datePublished\":\"2020-11-01T17:23:07+00:00\",\"dateModified\":\"2020-11-01T17:23:07+00:00\",\"mainEntityOfPage\":{\"@id\":\"https:\/\/oliver-baer.de\/tatze\/die-buerger-leben-von-ziviler-sprache\"},\"wordCount\":624,\"publisher\":{\"@id\":\"https:\/\/oliver-baer.de\/tatze\/#organization\"},\"image\":{\"@id\":\"https:\/\/oliver-baer.de\/tatze\/die-buerger-leben-von-ziviler-sprache#primaryimage\"},\"thumbnailUrl\":\"https:\/\/oliver-baer.de\/tatze\/wp-content\/uploads\/2020\/08\/42-pinkeln-red.jpg\",\"articleSection\":[\"Gesellschaft\"],\"inLanguage\":\"de\"},{\"@type\":\"WebPage\",\"@id\":\"https:\/\/oliver-baer.de\/tatze\/die-buerger-leben-von-ziviler-sprache\",\"url\":\"https:\/\/oliver-baer.de\/tatze\/die-buerger-leben-von-ziviler-sprache\",\"name\":\"Die B\u00fcrger leben von ziviler Sprache - baerentatze\",\"isPartOf\":{\"@id\":\"https:\/\/oliver-baer.de\/tatze\/#website\"},\"primaryImageOfPage\":{\"@id\":\"https:\/\/oliver-baer.de\/tatze\/die-buerger-leben-von-ziviler-sprache#primaryimage\"},\"image\":{\"@id\":\"https:\/\/oliver-baer.de\/tatze\/die-buerger-leben-von-ziviler-sprache#primaryimage\"},\"thumbnailUrl\":\"https:\/\/oliver-baer.de\/tatze\/wp-content\/uploads\/2020\/08\/42-pinkeln-red.jpg\",\"datePublished\":\"2020-11-01T17:23:07+00:00\",\"dateModified\":\"2020-11-01T17:23:07+00:00\",\"breadcrumb\":{\"@id\":\"https:\/\/oliver-baer.de\/tatze\/die-buerger-leben-von-ziviler-sprache#breadcrumb\"},\"inLanguage\":\"de\",\"potentialAction\":[{\"@type\":\"ReadAction\",\"target\":[\"https:\/\/oliver-baer.de\/tatze\/die-buerger-leben-von-ziviler-sprache\"]}]},{\"@type\":\"ImageObject\",\"inLanguage\":\"de\",\"@id\":\"https:\/\/oliver-baer.de\/tatze\/die-buerger-leben-von-ziviler-sprache#primaryimage\",\"url\":\"https:\/\/oliver-baer.de\/tatze\/wp-content\/uploads\/2020\/08\/42-pinkeln-red.jpg\",\"contentUrl\":\"https:\/\/oliver-baer.de\/tatze\/wp-content\/uploads\/2020\/08\/42-pinkeln-red.jpg\",\"width\":250,\"height\":188,\"caption\":\"das hat der deutsche Hund zu unterlassen (Bild Behland)\"},{\"@type\":\"BreadcrumbList\",\"@id\":\"https:\/\/oliver-baer.de\/tatze\/die-buerger-leben-von-ziviler-sprache#breadcrumb\",\"itemListElement\":[{\"@type\":\"ListItem\",\"position\":1,\"name\":\"Startseite\",\"item\":\"https:\/\/oliver-baer.de\/tatze\"},{\"@type\":\"ListItem\",\"position\":2,\"name\":\"Die B\u00fcrger leben von ziviler Sprache\"}]},{\"@type\":\"WebSite\",\"@id\":\"https:\/\/oliver-baer.de\/tatze\/#website\",\"url\":\"https:\/\/oliver-baer.de\/tatze\/\",\"name\":\"baerentatze\",\"description\":\"wo es um Sprache geht\",\"publisher\":{\"@id\":\"https:\/\/oliver-baer.de\/tatze\/#organization\"},\"potentialAction\":[{\"@type\":\"SearchAction\",\"target\":{\"@type\":\"EntryPoint\",\"urlTemplate\":\"https:\/\/oliver-baer.de\/tatze\/?s={search_term_string}\"},\"query-input\":\"required name=search_term_string\"}],\"inLanguage\":\"de\"},{\"@type\":\"Organization\",\"@id\":\"https:\/\/oliver-baer.de\/tatze\/#organization\",\"name\":\"baerentatze\",\"url\":\"https:\/\/oliver-baer.de\/tatze\/\",\"logo\":{\"@type\":\"ImageObject\",\"inLanguage\":\"de\",\"@id\":\"https:\/\/oliver-baer.de\/tatze\/#\/schema\/logo\/image\/\",\"url\":\"https:\/\/oliver-baer.de\/tatze\/wp-content\/uploads\/2024\/05\/cropped-tatze-icon-1-1.png\",\"contentUrl\":\"https:\/\/oliver-baer.de\/tatze\/wp-content\/uploads\/2024\/05\/cropped-tatze-icon-1-1.png\",\"width\":1024,\"height\":1024,\"caption\":\"baerentatze\"},\"image\":{\"@id\":\"https:\/\/oliver-baer.de\/tatze\/#\/schema\/logo\/image\/\"}},{\"@type\":\"Person\",\"@id\":\"https:\/\/oliver-baer.de\/tatze\/#\/schema\/person\/5061b2c4e491b72f15a809aeda21ca13\",\"name\":\"Oliver Baer\",\"sameAs\":[\"http:\/\/www.oliver-baer.de\",\"https:\/\/www.linkedin.com\/in\/oliver-baer-98829327\/\"],\"url\":\"https:\/\/oliver-baer.de\/tatze\/author\/admin-2\"}]}<\/script>\n<!-- \/ Yoast SEO plugin. -->","yoast_head_json":{"title":"Die B\u00fcrger leben von ziviler Sprache - baerentatze","robots":{"index":"index","follow":"follow","max-snippet":"max-snippet:-1","max-image-preview":"max-image-preview:large","max-video-preview":"max-video-preview:-1"},"canonical":"https:\/\/oliver-baer.de\/tatze\/die-buerger-leben-von-ziviler-sprache","og_locale":"de_DE","og_type":"article","og_title":"Die B\u00fcrger leben von ziviler Sprache - baerentatze","og_description":"Je nach Milieu, in dem wir uns bewegen, gilt als gekl\u00e4rt, was beispielsweise unter Frauenfeindlichkeit zu verstehen sei, sowie unter Rassismus, Populismus, Meinungsterror, Bevormundung und einigem mehr. Mit Lautst\u00e4rke und durch st\u00e4ndiges Wiederholen sollen W\u00f6rter final mit einer Bedeutung besetzt werden, die vor allem einem dient &#8211; dem verbalen Nahkampf. So bedeutet neuerdings das Wort [&hellip;]","og_url":"https:\/\/oliver-baer.de\/tatze\/die-buerger-leben-von-ziviler-sprache","og_site_name":"baerentatze","article_published_time":"2020-11-01T17:23:07+00:00","og_image":[{"url":"https:\/\/oliver-baer.de\/tatze\/wp-content\/uploads\/2020\/08\/42-pinkeln-red.jpg"}],"author":"Oliver Baer","twitter_card":"summary_large_image","twitter_misc":{"Verfasst von":"Oliver Baer","Gesch\u00e4tzte Lesezeit":"3\u00a0Minuten"},"schema":{"@context":"https:\/\/schema.org","@graph":[{"@type":"Article","@id":"https:\/\/oliver-baer.de\/tatze\/die-buerger-leben-von-ziviler-sprache#article","isPartOf":{"@id":"https:\/\/oliver-baer.de\/tatze\/die-buerger-leben-von-ziviler-sprache"},"author":{"name":"Oliver Baer","@id":"https:\/\/oliver-baer.de\/tatze\/#\/schema\/person\/5061b2c4e491b72f15a809aeda21ca13"},"headline":"Die B\u00fcrger leben von ziviler Sprache","datePublished":"2020-11-01T17:23:07+00:00","dateModified":"2020-11-01T17:23:07+00:00","mainEntityOfPage":{"@id":"https:\/\/oliver-baer.de\/tatze\/die-buerger-leben-von-ziviler-sprache"},"wordCount":624,"publisher":{"@id":"https:\/\/oliver-baer.de\/tatze\/#organization"},"image":{"@id":"https:\/\/oliver-baer.de\/tatze\/die-buerger-leben-von-ziviler-sprache#primaryimage"},"thumbnailUrl":"https:\/\/oliver-baer.de\/tatze\/wp-content\/uploads\/2020\/08\/42-pinkeln-red.jpg","articleSection":["Gesellschaft"],"inLanguage":"de"},{"@type":"WebPage","@id":"https:\/\/oliver-baer.de\/tatze\/die-buerger-leben-von-ziviler-sprache","url":"https:\/\/oliver-baer.de\/tatze\/die-buerger-leben-von-ziviler-sprache","name":"Die B\u00fcrger leben von ziviler Sprache - baerentatze","isPartOf":{"@id":"https:\/\/oliver-baer.de\/tatze\/#website"},"primaryImageOfPage":{"@id":"https:\/\/oliver-baer.de\/tatze\/die-buerger-leben-von-ziviler-sprache#primaryimage"},"image":{"@id":"https:\/\/oliver-baer.de\/tatze\/die-buerger-leben-von-ziviler-sprache#primaryimage"},"thumbnailUrl":"https:\/\/oliver-baer.de\/tatze\/wp-content\/uploads\/2020\/08\/42-pinkeln-red.jpg","datePublished":"2020-11-01T17:23:07+00:00","dateModified":"2020-11-01T17:23:07+00:00","breadcrumb":{"@id":"https:\/\/oliver-baer.de\/tatze\/die-buerger-leben-von-ziviler-sprache#breadcrumb"},"inLanguage":"de","potentialAction":[{"@type":"ReadAction","target":["https:\/\/oliver-baer.de\/tatze\/die-buerger-leben-von-ziviler-sprache"]}]},{"@type":"ImageObject","inLanguage":"de","@id":"https:\/\/oliver-baer.de\/tatze\/die-buerger-leben-von-ziviler-sprache#primaryimage","url":"https:\/\/oliver-baer.de\/tatze\/wp-content\/uploads\/2020\/08\/42-pinkeln-red.jpg","contentUrl":"https:\/\/oliver-baer.de\/tatze\/wp-content\/uploads\/2020\/08\/42-pinkeln-red.jpg","width":250,"height":188,"caption":"das hat der deutsche Hund zu unterlassen (Bild Behland)"},{"@type":"BreadcrumbList","@id":"https:\/\/oliver-baer.de\/tatze\/die-buerger-leben-von-ziviler-sprache#breadcrumb","itemListElement":[{"@type":"ListItem","position":1,"name":"Startseite","item":"https:\/\/oliver-baer.de\/tatze"},{"@type":"ListItem","position":2,"name":"Die B\u00fcrger leben von ziviler Sprache"}]},{"@type":"WebSite","@id":"https:\/\/oliver-baer.de\/tatze\/#website","url":"https:\/\/oliver-baer.de\/tatze\/","name":"baerentatze","description":"wo es um Sprache geht","publisher":{"@id":"https:\/\/oliver-baer.de\/tatze\/#organization"},"potentialAction":[{"@type":"SearchAction","target":{"@type":"EntryPoint","urlTemplate":"https:\/\/oliver-baer.de\/tatze\/?s={search_term_string}"},"query-input":"required name=search_term_string"}],"inLanguage":"de"},{"@type":"Organization","@id":"https:\/\/oliver-baer.de\/tatze\/#organization","name":"baerentatze","url":"https:\/\/oliver-baer.de\/tatze\/","logo":{"@type":"ImageObject","inLanguage":"de","@id":"https:\/\/oliver-baer.de\/tatze\/#\/schema\/logo\/image\/","url":"https:\/\/oliver-baer.de\/tatze\/wp-content\/uploads\/2024\/05\/cropped-tatze-icon-1-1.png","contentUrl":"https:\/\/oliver-baer.de\/tatze\/wp-content\/uploads\/2024\/05\/cropped-tatze-icon-1-1.png","width":1024,"height":1024,"caption":"baerentatze"},"image":{"@id":"https:\/\/oliver-baer.de\/tatze\/#\/schema\/logo\/image\/"}},{"@type":"Person","@id":"https:\/\/oliver-baer.de\/tatze\/#\/schema\/person\/5061b2c4e491b72f15a809aeda21ca13","name":"Oliver Baer","sameAs":["http:\/\/www.oliver-baer.de","https:\/\/www.linkedin.com\/in\/oliver-baer-98829327\/"],"url":"https:\/\/oliver-baer.de\/tatze\/author\/admin-2"}]}},"_links":{"self":[{"href":"https:\/\/oliver-baer.de\/tatze\/wp-json\/wp\/v2\/posts\/5170"}],"collection":[{"href":"https:\/\/oliver-baer.de\/tatze\/wp-json\/wp\/v2\/posts"}],"about":[{"href":"https:\/\/oliver-baer.de\/tatze\/wp-json\/wp\/v2\/types\/post"}],"author":[{"embeddable":true,"href":"https:\/\/oliver-baer.de\/tatze\/wp-json\/wp\/v2\/users\/18"}],"replies":[{"embeddable":true,"href":"https:\/\/oliver-baer.de\/tatze\/wp-json\/wp\/v2\/comments?post=5170"}],"version-history":[{"count":12,"href":"https:\/\/oliver-baer.de\/tatze\/wp-json\/wp\/v2\/posts\/5170\/revisions"}],"predecessor-version":[{"id":5310,"href":"https:\/\/oliver-baer.de\/tatze\/wp-json\/wp\/v2\/posts\/5170\/revisions\/5310"}],"wp:attachment":[{"href":"https:\/\/oliver-baer.de\/tatze\/wp-json\/wp\/v2\/media?parent=5170"}],"wp:term":[{"taxonomy":"category","embeddable":true,"href":"https:\/\/oliver-baer.de\/tatze\/wp-json\/wp\/v2\/categories?post=5170"},{"taxonomy":"post_tag","embeddable":true,"href":"https:\/\/oliver-baer.de\/tatze\/wp-json\/wp\/v2\/tags?post=5170"}],"curies":[{"name":"wp","href":"https:\/\/api.w.org\/{rel}","templated":true}]}}