{"id":5149,"date":"2020-11-01T17:59:41","date_gmt":"2020-11-01T16:59:41","guid":{"rendered":"https:\/\/oliver-baer.de\/tatze\/?p=5149"},"modified":"2020-11-02T10:07:35","modified_gmt":"2020-11-02T09:07:35","slug":"nicht-ganz-korrekt-aber-ganz-schoen-unwahr","status":"publish","type":"post","link":"https:\/\/oliver-baer.de\/tatze\/nicht-ganz-korrekt-aber-ganz-schoen-unwahr","title":{"rendered":"Nicht ganz korrekt, aber ganz sch\u00f6n unwahr"},"content":{"rendered":"<p><em>Was wie eine politisch korrekte Formulierung gilt, kann zur falschen Wahrnehmung von Tatsachen verf\u00fchren. Eine leider notwendige Korrektur anl\u00e4sslich des Geburtstags eines gro\u00dfen Menschen.<\/em><\/p>\n<figure id=\"attachment_5316\" aria-describedby=\"caption-attachment-5316\" style=\"width: 300px\" class=\"wp-caption alignleft\"><img loading=\"lazy\" decoding=\"async\" src=\"https:\/\/oliver-baer.de\/tatze\/wp-content\/uploads\/2020\/11\/roter-Himmel-\u00ae-Behland-2016-329-300x225.jpg\" alt=\"\" width=\"300\" height=\"225\" class=\"size-medium wp-image-5316\" \/><figcaption id=\"caption-attachment-5316\" class=\"wp-caption-text\">Vorurteile geh\u00f6ren gut gepflegt, sie werden gebraucht (Bild \u00aeBehland)<\/figcaption><\/figure>\n<p>Afrikaans sei bekanntlich die Sprache der Apartheid, schreibt <em>ILL<\/em> im SPIEGEL und lobt Nelson Mandela, wie er sich \u201ein seine Unterdr\u00fccker hineinversetzte, ihre Mentalit\u00e4t analysierte, ihre Sitten, ihre Geschichte \u2013 und ihre Sprache lernte, um ihre Feindschaft zu \u00fcberwinden.\u201c An diesem Text stimmt etwas. Nur nicht die Kernaussage. Einem Gro\u00dfen des 20. Jahrhunderts, Nelson Mandela, wird ein derart glatter Textbaustein eben nicht gerecht.<\/p>\n<p>Mandela war noch lange nicht geboren, da war Afrikaans bereits die Sprache nicht nur der <em>Buren<\/em>. Mit diesem Begriff wird \u00fcbrigens eine ganze Ethnie &#8211; politisch total korrekt &#8211; pauschal diffamiert, aber bleiben wir beim Thema. Tats\u00e4chlich war und ist Afrikaans die Muttersprache auch der viereinhalb Millionen <em>farbigen<\/em> S\u00fcdafrikaner, die Sprache der T\u00f6chter und S\u00f6hne der ethnischen Vielfalt im Lande. Die Farbigen \u2013 so ihre offizielle Bezeichnung \u2013 waren zur Zeit der Apartheid Unterdr\u00fcckte, keine Unterdr\u00fccker. Horst Kleinschmidt, einer der f\u00fchrenden K\u00e4mpfer im aktiven Widerstand gegen die Apartheid, berichtet von subversiven Treffen, an denen er teilnahm: Es war peinlich, fortw\u00e4hrend missverstanden einander die Teilnehmer &#8211; auf Englisch. Voran kamen sie erst, als sie sich auf eine Lingua franca verst\u00e4ndigten, und die war nun mal Afrikaans. Die Ironie der Situation war ihnen bewusst: Die Sprache von drei Millionen Unterdr\u00fcckern war zugleich die Sprache von \u00fcber vier Millionen Unterdr\u00fcckten und der kleinste gemeinsame Nenner zur Verst\u00e4ndigung im Widerstand gegen die Apartheid.<\/p>\n<p>Viele Farbige sitzen auch im neuen S\u00fcdafrika zwischen den St\u00fchlen. Weder pfirsich- noch kakaoh\u00e4utig anzusehen, sind sie der Diskriminierung auch nach der Wende am Kap ausgesetzt: Neue Stellenbesetzungen und Bef\u00f6rderungen, beispielsweise bei der Polizei, gibt es vorzugsweise f\u00fcr Schwarze, insbesondere Xhosa und Zulu. Woran selbstverst\u00e4ndlich nur die Buren Schuld tragen, also die Apartheid. Wie auch immer. <\/p>\n<p>Auch wenn es nicht in die ideologisch sandgeblasene Perspektive passt: Diese Menschen sprechen die Sprache ihrer M\u00fctter, die afrikaanse Sprache. Sie ist eine Kusine des Niederl\u00e4ndischen. Ihnen die Muttersprache nur als \u201eSprache der Unterdr\u00fccker\u201c zuzugestehen, damit man als Journalist mit den gewohnten Textbausteinen die g\u00e4ngigen Vorurteile bedienen kann (merkt doch keiner, S\u00fcdafrika ist weit weg!), das schmeckt, wie es riecht: nach Hartleibigkeit. Damit tut man Nelson Mandela unrecht. Er gab sich mit solchen Plattit\u00fcden nicht zufrieden. Er war und ist auch f\u00fcr ungez\u00e4hlte Buren ein Held, f\u00fcr S\u00fcdafrikaner, die das Ende der Apartheid schon in den Siebzigern f\u00fcr \u00fcberf\u00e4llig hielten.<\/p>\n<p>Aber eher passt ein Kamel durchs Nadel\u00f6hr, als dass der zitierte <strong>ILL<\/strong> beim Schreiben auf die Manipulation durch Sprache verzichtet. Doch, es gibt Leute, die es merken, und viele die es ahnen: Wer beim Lesen mehr leistet als abzunicken, was er am liebsten wahrnimmt, n\u00e4mlich seine bereits betonbewehrte Meinung, der liest auch die seri\u00f6sen Medien mit &#8211; leider wachsender &#8211; Skepsis. Das muss nun wirklich nicht sein.<\/p>\n<hr \/>\n<p>Dieser Beitrag wurde im Herbst 2018 in den Sprachnachrichten des Vereins Deutsche Sprache (3\/2018) ver\u00f6ffentlicht, und hier im Blog der baerentatze umst\u00e4ndehalber erst heute. <\/p>\n","protected":false},"excerpt":{"rendered":"<p>Was wie eine politisch korrekte Formulierung gilt, kann zur falschen Wahrnehmung von Tatsachen verf\u00fchren. Eine leider notwendige Korrektur anl\u00e4sslich des Geburtstags eines gro\u00dfen Menschen. Afrikaans sei bekanntlich die Sprache der Apartheid, schreibt ILL im SPIEGEL und lobt Nelson Mandela, wie er sich \u201ein seine Unterdr\u00fccker hineinversetzte, ihre Mentalit\u00e4t analysierte, ihre Sitten, ihre Geschichte \u2013 und [&hellip;]<\/p>\n","protected":false},"author":18,"featured_media":0,"comment_status":"closed","ping_status":"open","sticky":false,"template":"","format":"standard","meta":{"footnotes":""},"categories":[15],"tags":[],"yoast_head":"<!-- This site is optimized with the Yoast SEO plugin v22.7 - https:\/\/yoast.com\/wordpress\/plugins\/seo\/ -->\n<title>Nicht ganz korrekt, aber ganz sch\u00f6n unwahr - baerentatze<\/title>\n<meta name=\"robots\" content=\"index, follow, max-snippet:-1, max-image-preview:large, max-video-preview:-1\" \/>\n<link rel=\"canonical\" href=\"https:\/\/oliver-baer.de\/tatze\/nicht-ganz-korrekt-aber-ganz-schoen-unwahr\" \/>\n<meta property=\"og:locale\" content=\"de_DE\" \/>\n<meta property=\"og:type\" content=\"article\" \/>\n<meta property=\"og:title\" content=\"Nicht ganz korrekt, aber ganz sch\u00f6n unwahr - baerentatze\" \/>\n<meta property=\"og:description\" content=\"Was wie eine politisch korrekte Formulierung gilt, kann zur falschen Wahrnehmung von Tatsachen verf\u00fchren. Eine leider notwendige Korrektur anl\u00e4sslich des Geburtstags eines gro\u00dfen Menschen. Afrikaans sei bekanntlich die Sprache der Apartheid, schreibt ILL im SPIEGEL und lobt Nelson Mandela, wie er sich \u201ein seine Unterdr\u00fccker hineinversetzte, ihre Mentalit\u00e4t analysierte, ihre Sitten, ihre Geschichte \u2013 und [&hellip;]\" \/>\n<meta property=\"og:url\" content=\"https:\/\/oliver-baer.de\/tatze\/nicht-ganz-korrekt-aber-ganz-schoen-unwahr\" \/>\n<meta property=\"og:site_name\" content=\"baerentatze\" \/>\n<meta property=\"article:published_time\" content=\"2020-11-01T16:59:41+00:00\" \/>\n<meta property=\"article:modified_time\" content=\"2020-11-02T09:07:35+00:00\" \/>\n<meta name=\"author\" content=\"Oliver Baer\" \/>\n<meta name=\"twitter:card\" content=\"summary_large_image\" \/>\n<meta name=\"twitter:label1\" content=\"Verfasst von\" \/>\n\t<meta name=\"twitter:data1\" content=\"Oliver Baer\" \/>\n\t<meta name=\"twitter:label2\" content=\"Gesch\u00e4tzte Lesezeit\" \/>\n\t<meta name=\"twitter:data2\" content=\"3\u00a0Minuten\" \/>\n<script type=\"application\/ld+json\" class=\"yoast-schema-graph\">{\"@context\":\"https:\/\/schema.org\",\"@graph\":[{\"@type\":\"Article\",\"@id\":\"https:\/\/oliver-baer.de\/tatze\/nicht-ganz-korrekt-aber-ganz-schoen-unwahr#article\",\"isPartOf\":{\"@id\":\"https:\/\/oliver-baer.de\/tatze\/nicht-ganz-korrekt-aber-ganz-schoen-unwahr\"},\"author\":{\"name\":\"Oliver Baer\",\"@id\":\"https:\/\/oliver-baer.de\/tatze\/#\/schema\/person\/5061b2c4e491b72f15a809aeda21ca13\"},\"headline\":\"Nicht ganz korrekt, aber ganz sch\u00f6n unwahr\",\"datePublished\":\"2020-11-01T16:59:41+00:00\",\"dateModified\":\"2020-11-02T09:07:35+00:00\",\"mainEntityOfPage\":{\"@id\":\"https:\/\/oliver-baer.de\/tatze\/nicht-ganz-korrekt-aber-ganz-schoen-unwahr\"},\"wordCount\":554,\"publisher\":{\"@id\":\"https:\/\/oliver-baer.de\/tatze\/#organization\"},\"articleSection\":[\"Gesellschaft\"],\"inLanguage\":\"de\"},{\"@type\":\"WebPage\",\"@id\":\"https:\/\/oliver-baer.de\/tatze\/nicht-ganz-korrekt-aber-ganz-schoen-unwahr\",\"url\":\"https:\/\/oliver-baer.de\/tatze\/nicht-ganz-korrekt-aber-ganz-schoen-unwahr\",\"name\":\"Nicht ganz korrekt, aber ganz sch\u00f6n unwahr - baerentatze\",\"isPartOf\":{\"@id\":\"https:\/\/oliver-baer.de\/tatze\/#website\"},\"datePublished\":\"2020-11-01T16:59:41+00:00\",\"dateModified\":\"2020-11-02T09:07:35+00:00\",\"breadcrumb\":{\"@id\":\"https:\/\/oliver-baer.de\/tatze\/nicht-ganz-korrekt-aber-ganz-schoen-unwahr#breadcrumb\"},\"inLanguage\":\"de\",\"potentialAction\":[{\"@type\":\"ReadAction\",\"target\":[\"https:\/\/oliver-baer.de\/tatze\/nicht-ganz-korrekt-aber-ganz-schoen-unwahr\"]}]},{\"@type\":\"BreadcrumbList\",\"@id\":\"https:\/\/oliver-baer.de\/tatze\/nicht-ganz-korrekt-aber-ganz-schoen-unwahr#breadcrumb\",\"itemListElement\":[{\"@type\":\"ListItem\",\"position\":1,\"name\":\"Startseite\",\"item\":\"https:\/\/oliver-baer.de\/tatze\"},{\"@type\":\"ListItem\",\"position\":2,\"name\":\"Nicht ganz korrekt, aber ganz sch\u00f6n unwahr\"}]},{\"@type\":\"WebSite\",\"@id\":\"https:\/\/oliver-baer.de\/tatze\/#website\",\"url\":\"https:\/\/oliver-baer.de\/tatze\/\",\"name\":\"baerentatze\",\"description\":\"wo es um Sprache geht\",\"publisher\":{\"@id\":\"https:\/\/oliver-baer.de\/tatze\/#organization\"},\"potentialAction\":[{\"@type\":\"SearchAction\",\"target\":{\"@type\":\"EntryPoint\",\"urlTemplate\":\"https:\/\/oliver-baer.de\/tatze\/?s={search_term_string}\"},\"query-input\":\"required name=search_term_string\"}],\"inLanguage\":\"de\"},{\"@type\":\"Organization\",\"@id\":\"https:\/\/oliver-baer.de\/tatze\/#organization\",\"name\":\"baerentatze\",\"url\":\"https:\/\/oliver-baer.de\/tatze\/\",\"logo\":{\"@type\":\"ImageObject\",\"inLanguage\":\"de\",\"@id\":\"https:\/\/oliver-baer.de\/tatze\/#\/schema\/logo\/image\/\",\"url\":\"https:\/\/oliver-baer.de\/tatze\/wp-content\/uploads\/2024\/05\/cropped-tatze-icon-1-1.png\",\"contentUrl\":\"https:\/\/oliver-baer.de\/tatze\/wp-content\/uploads\/2024\/05\/cropped-tatze-icon-1-1.png\",\"width\":1024,\"height\":1024,\"caption\":\"baerentatze\"},\"image\":{\"@id\":\"https:\/\/oliver-baer.de\/tatze\/#\/schema\/logo\/image\/\"}},{\"@type\":\"Person\",\"@id\":\"https:\/\/oliver-baer.de\/tatze\/#\/schema\/person\/5061b2c4e491b72f15a809aeda21ca13\",\"name\":\"Oliver Baer\",\"sameAs\":[\"http:\/\/www.oliver-baer.de\",\"https:\/\/www.linkedin.com\/in\/oliver-baer-98829327\/\"],\"url\":\"https:\/\/oliver-baer.de\/tatze\/author\/admin-2\"}]}<\/script>\n<!-- \/ Yoast SEO plugin. -->","yoast_head_json":{"title":"Nicht ganz korrekt, aber ganz sch\u00f6n unwahr - baerentatze","robots":{"index":"index","follow":"follow","max-snippet":"max-snippet:-1","max-image-preview":"max-image-preview:large","max-video-preview":"max-video-preview:-1"},"canonical":"https:\/\/oliver-baer.de\/tatze\/nicht-ganz-korrekt-aber-ganz-schoen-unwahr","og_locale":"de_DE","og_type":"article","og_title":"Nicht ganz korrekt, aber ganz sch\u00f6n unwahr - baerentatze","og_description":"Was wie eine politisch korrekte Formulierung gilt, kann zur falschen Wahrnehmung von Tatsachen verf\u00fchren. Eine leider notwendige Korrektur anl\u00e4sslich des Geburtstags eines gro\u00dfen Menschen. Afrikaans sei bekanntlich die Sprache der Apartheid, schreibt ILL im SPIEGEL und lobt Nelson Mandela, wie er sich \u201ein seine Unterdr\u00fccker hineinversetzte, ihre Mentalit\u00e4t analysierte, ihre Sitten, ihre Geschichte \u2013 und [&hellip;]","og_url":"https:\/\/oliver-baer.de\/tatze\/nicht-ganz-korrekt-aber-ganz-schoen-unwahr","og_site_name":"baerentatze","article_published_time":"2020-11-01T16:59:41+00:00","article_modified_time":"2020-11-02T09:07:35+00:00","author":"Oliver Baer","twitter_card":"summary_large_image","twitter_misc":{"Verfasst von":"Oliver Baer","Gesch\u00e4tzte Lesezeit":"3\u00a0Minuten"},"schema":{"@context":"https:\/\/schema.org","@graph":[{"@type":"Article","@id":"https:\/\/oliver-baer.de\/tatze\/nicht-ganz-korrekt-aber-ganz-schoen-unwahr#article","isPartOf":{"@id":"https:\/\/oliver-baer.de\/tatze\/nicht-ganz-korrekt-aber-ganz-schoen-unwahr"},"author":{"name":"Oliver Baer","@id":"https:\/\/oliver-baer.de\/tatze\/#\/schema\/person\/5061b2c4e491b72f15a809aeda21ca13"},"headline":"Nicht ganz korrekt, aber ganz sch\u00f6n unwahr","datePublished":"2020-11-01T16:59:41+00:00","dateModified":"2020-11-02T09:07:35+00:00","mainEntityOfPage":{"@id":"https:\/\/oliver-baer.de\/tatze\/nicht-ganz-korrekt-aber-ganz-schoen-unwahr"},"wordCount":554,"publisher":{"@id":"https:\/\/oliver-baer.de\/tatze\/#organization"},"articleSection":["Gesellschaft"],"inLanguage":"de"},{"@type":"WebPage","@id":"https:\/\/oliver-baer.de\/tatze\/nicht-ganz-korrekt-aber-ganz-schoen-unwahr","url":"https:\/\/oliver-baer.de\/tatze\/nicht-ganz-korrekt-aber-ganz-schoen-unwahr","name":"Nicht ganz korrekt, aber ganz sch\u00f6n unwahr - baerentatze","isPartOf":{"@id":"https:\/\/oliver-baer.de\/tatze\/#website"},"datePublished":"2020-11-01T16:59:41+00:00","dateModified":"2020-11-02T09:07:35+00:00","breadcrumb":{"@id":"https:\/\/oliver-baer.de\/tatze\/nicht-ganz-korrekt-aber-ganz-schoen-unwahr#breadcrumb"},"inLanguage":"de","potentialAction":[{"@type":"ReadAction","target":["https:\/\/oliver-baer.de\/tatze\/nicht-ganz-korrekt-aber-ganz-schoen-unwahr"]}]},{"@type":"BreadcrumbList","@id":"https:\/\/oliver-baer.de\/tatze\/nicht-ganz-korrekt-aber-ganz-schoen-unwahr#breadcrumb","itemListElement":[{"@type":"ListItem","position":1,"name":"Startseite","item":"https:\/\/oliver-baer.de\/tatze"},{"@type":"ListItem","position":2,"name":"Nicht ganz korrekt, aber ganz sch\u00f6n unwahr"}]},{"@type":"WebSite","@id":"https:\/\/oliver-baer.de\/tatze\/#website","url":"https:\/\/oliver-baer.de\/tatze\/","name":"baerentatze","description":"wo es um Sprache geht","publisher":{"@id":"https:\/\/oliver-baer.de\/tatze\/#organization"},"potentialAction":[{"@type":"SearchAction","target":{"@type":"EntryPoint","urlTemplate":"https:\/\/oliver-baer.de\/tatze\/?s={search_term_string}"},"query-input":"required name=search_term_string"}],"inLanguage":"de"},{"@type":"Organization","@id":"https:\/\/oliver-baer.de\/tatze\/#organization","name":"baerentatze","url":"https:\/\/oliver-baer.de\/tatze\/","logo":{"@type":"ImageObject","inLanguage":"de","@id":"https:\/\/oliver-baer.de\/tatze\/#\/schema\/logo\/image\/","url":"https:\/\/oliver-baer.de\/tatze\/wp-content\/uploads\/2024\/05\/cropped-tatze-icon-1-1.png","contentUrl":"https:\/\/oliver-baer.de\/tatze\/wp-content\/uploads\/2024\/05\/cropped-tatze-icon-1-1.png","width":1024,"height":1024,"caption":"baerentatze"},"image":{"@id":"https:\/\/oliver-baer.de\/tatze\/#\/schema\/logo\/image\/"}},{"@type":"Person","@id":"https:\/\/oliver-baer.de\/tatze\/#\/schema\/person\/5061b2c4e491b72f15a809aeda21ca13","name":"Oliver Baer","sameAs":["http:\/\/www.oliver-baer.de","https:\/\/www.linkedin.com\/in\/oliver-baer-98829327\/"],"url":"https:\/\/oliver-baer.de\/tatze\/author\/admin-2"}]}},"_links":{"self":[{"href":"https:\/\/oliver-baer.de\/tatze\/wp-json\/wp\/v2\/posts\/5149"}],"collection":[{"href":"https:\/\/oliver-baer.de\/tatze\/wp-json\/wp\/v2\/posts"}],"about":[{"href":"https:\/\/oliver-baer.de\/tatze\/wp-json\/wp\/v2\/types\/post"}],"author":[{"embeddable":true,"href":"https:\/\/oliver-baer.de\/tatze\/wp-json\/wp\/v2\/users\/18"}],"replies":[{"embeddable":true,"href":"https:\/\/oliver-baer.de\/tatze\/wp-json\/wp\/v2\/comments?post=5149"}],"version-history":[{"count":18,"href":"https:\/\/oliver-baer.de\/tatze\/wp-json\/wp\/v2\/posts\/5149\/revisions"}],"predecessor-version":[{"id":5321,"href":"https:\/\/oliver-baer.de\/tatze\/wp-json\/wp\/v2\/posts\/5149\/revisions\/5321"}],"wp:attachment":[{"href":"https:\/\/oliver-baer.de\/tatze\/wp-json\/wp\/v2\/media?parent=5149"}],"wp:term":[{"taxonomy":"category","embeddable":true,"href":"https:\/\/oliver-baer.de\/tatze\/wp-json\/wp\/v2\/categories?post=5149"},{"taxonomy":"post_tag","embeddable":true,"href":"https:\/\/oliver-baer.de\/tatze\/wp-json\/wp\/v2\/tags?post=5149"}],"curies":[{"name":"wp","href":"https:\/\/api.w.org\/{rel}","templated":true}]}}