{"id":5141,"date":"2020-11-01T18:18:07","date_gmt":"2020-11-01T17:18:07","guid":{"rendered":"https:\/\/oliver-baer.de\/tatze\/?p=5141"},"modified":"2020-11-01T18:18:07","modified_gmt":"2020-11-01T17:18:07","slug":"die-landessprache-das-thema-bleibt","status":"publish","type":"post","link":"https:\/\/oliver-baer.de\/tatze\/die-landessprache-das-thema-bleibt","title":{"rendered":"Die Landessprache &#8230; das Thema bleibt"},"content":{"rendered":"<p><em>Die Landessprache geh\u00f6rt in die Verfassung, wie in fast allen Staaten Europas, das forderte der Verein Deutsche Sprache schon 2005, bevor das Thema zum Spielball auf Parteitagen wurde, und dreizehn (!) Jahre bevor ein Antrag \u00e4hnlichen Inhalts im Bundestag ausgebuht wurde, weil ihn die AfD vorgelegt hatte.<\/em> <\/p>\n<p>Immerhin bot dieser Antrag s\u00e4mtlichen Parteien erneute Gelegenheit, sich zu blamieren, und das ist sinnbildlich f\u00fcr ein Land, wo Freiluftfernsehen mit Leichenbeschau (<em>public viewing<\/em>) verwechselt wird. Englisch nicht k\u00f6nnen, aber Deutsch verachten \u2013 das muss man erst einmal fertigbringen.<\/p>\n<p><figure id=\"attachment_5191\" aria-describedby=\"caption-attachment-5191\" style=\"width: 250px\" class=\"wp-caption alignleft\"><img loading=\"lazy\" decoding=\"async\" src=\"https:\/\/oliver-baer.de\/tatze\/wp-content\/uploads\/2020\/08\/\u00ae-Behland-2016-278-red250.jpg\" alt=\"\" width=\"250\" height=\"375\" class=\"size-full wp-image-5191\" srcset=\"https:\/\/oliver-baer.de\/tatze\/wp-content\/uploads\/2020\/08\/\u00ae-Behland-2016-278-red250.jpg 250w, https:\/\/oliver-baer.de\/tatze\/wp-content\/uploads\/2020\/08\/\u00ae-Behland-2016-278-red250-200x300.jpg 200w\" sizes=\"(max-width: 250px) 100vw, 250px\" \/><figcaption id=\"caption-attachment-5191\" class=\"wp-caption-text\">Trittbrettfahrer &#8211; erste Reihe reserviert f\u00fcr die AfD (Bild Behland)<\/figcaption><\/figure>Der Verein Deutsche Sprache (VDS) sollte seine Formulierung durch einen Zusatz erg\u00e4nzen, besser sp\u00e4t als nie: \u201eDie Sprache der Bundesrepublik ist Deutsch. Die herk\u00f6mmlichen Rechte der regionalen Minderheitensprachen bleiben unber\u00fchrt.\u201c <\/p>\n<p>Hier ein paar sinnige Gr\u00fcnde, weshalb das auch die Gr\u00fcnen und die Linken im Parlament zur Kenntnis nehmen m\u00f6gen: <\/p>\n<p>\u279c Deutsch wird an unseren Hochschulen durch Stummelenglisch ersetzt. Akademische Exzellenz kommt ohne Sprachbeherrschung aber nur ausnahmsweise zustande; Wissenschaft in schlechtem Englisch f\u00fchrt direkt in die Zweite Liga von Forschung und Lehre.<\/p>\n<p>\u279c Konzerne und manche Mittelstandsbetriebe f\u00fchren als Haussprache ein aalglattes Schleierenglisch ein. So lange es blendet, schm\u00fcckt es den Sprecher und hilft ihm den Inhalt seiner Rede zu vernebeln, w\u00e4hrend die wirklichen Fachleute in <em>meetings<\/em> lieber den Mund halten, als sich in einer fremden Sprache blo\u00dfzustellen. Made in Germany verliert seine Glaubw\u00fcrdigkeit.<\/p>\n<p>\u279c Verbraucher erhalten oft keine brauchbaren Informationen in der Landessprache. Der aus der Werbung sattsam bekannte Sprachmischmasch (Denglisch) sickert in Handb\u00fccher und Bedienungsanleitungen ein, ohne R\u00fccksicht auf Klarheit und Richtigkeit. Oft bedarf es einer \u00fcberlegenen Englischkenntnis um zu erraten, was die Autoren urspr\u00fcnglich gemeint haben mochten. <\/p>\n<p>\u279c In den Institutionen der Europ\u00e4ischen Union spielt die \u2013 in der EU meistverbreitete \u2013 Muttersprache keine nennenswerte Rolle mehr. Mit teuren Folgen f\u00fcr B\u00fcrger, die mit ihren Anliegen, und Unternehmen, die bei Ausschreibungen benachteiligt werden. <\/p>\n<p><strong>Deutsch im Grundgesetz<\/strong> w\u00fcrde dazu f\u00fchren, dass die Hochschulen zuerst die Muttersprache der B\u00fcrger und Steuerzahler verwenden m\u00fcssen, bevor sie sich auf Englisch \u2013 \u00fcbrigens: warum nicht Mandarin? \u2013 einlassen. Die Unternehmen k\u00f6nnten sich auf die Vorz\u00fcge einer weniger fehlerhaften Kommunikation besinnen (nebenbei sei es erw\u00e4hnt: Gutes Deutsch ist die erste Voraussetzung f\u00fcr den Erwerb der englischen Sprache, oder der chinesischen). Die B\u00fcrger einschlie\u00dflich der Zugewanderten w\u00fcrden veranlasst, gemeinsam ihr Medium der Verst\u00e4ndigung, die Landessprache, zu pflegen, statt dem grotesken Glauben anzuh\u00e4ngen, dass Englisch eine praxistaugliche Amtssprache f\u00fcr Deutschland w\u00e4re. <\/p>\n<p>In der Vielfalt der Muttersprachen liegt Europas wahre St\u00e4rke, dazu darf und muss die deutsche Sprache beitragen. \u201eDeutsch ins Grundgesetz!\u201c bleibt ein Thema, egal wer auf das Trittbrett springt, um es f\u00fcr seine ideologischen Zwecke zu gebrauchen \u2013 oder zu verbiegen. Bei der AfD ist das Thema jedenfalls nicht gut aufgehoben. Nicht zu verstehen ist nur, weshalb die anderen Parteien die deutsche Sprache der AfD \u00fcberlassen, so als ginge das Thema die B\u00fcrgerlichen, die Progressiven, die Liberalen und die Linken nichts an.<\/p>\n<hr \/>\n<p>Dieser Beitrag wurde im Herbst 2018 in den Sprachnachrichten des Vereins Deutsche Sprache (3\/2018) ver\u00f6ffentlicht, und hier im Blog der baerentatze umst\u00e4ndehalber erst heute.<\/p>\n","protected":false},"excerpt":{"rendered":"<p>Die Landessprache geh\u00f6rt in die Verfassung, wie in fast allen Staaten Europas, das forderte der Verein Deutsche Sprache schon 2005, bevor das Thema zum Spielball auf Parteitagen wurde, und dreizehn (!) Jahre bevor ein Antrag \u00e4hnlichen Inhalts im Bundestag ausgebuht wurde, weil ihn die AfD vorgelegt hatte. Immerhin bot dieser Antrag s\u00e4mtlichen Parteien erneute Gelegenheit, [&hellip;]<\/p>\n","protected":false},"author":18,"featured_media":0,"comment_status":"closed","ping_status":"open","sticky":false,"template":"","format":"standard","meta":{"footnotes":""},"categories":[15],"tags":[],"yoast_head":"<!-- This site is optimized with the Yoast SEO plugin v22.7 - https:\/\/yoast.com\/wordpress\/plugins\/seo\/ -->\n<title>Die Landessprache ... das Thema bleibt - baerentatze<\/title>\n<meta name=\"robots\" content=\"index, follow, max-snippet:-1, max-image-preview:large, max-video-preview:-1\" \/>\n<link rel=\"canonical\" href=\"https:\/\/oliver-baer.de\/tatze\/die-landessprache-das-thema-bleibt\" \/>\n<meta property=\"og:locale\" content=\"de_DE\" \/>\n<meta property=\"og:type\" content=\"article\" \/>\n<meta property=\"og:title\" content=\"Die Landessprache ... das Thema bleibt - baerentatze\" \/>\n<meta property=\"og:description\" content=\"Die Landessprache geh\u00f6rt in die Verfassung, wie in fast allen Staaten Europas, das forderte der Verein Deutsche Sprache schon 2005, bevor das Thema zum Spielball auf Parteitagen wurde, und dreizehn (!) Jahre bevor ein Antrag \u00e4hnlichen Inhalts im Bundestag ausgebuht wurde, weil ihn die AfD vorgelegt hatte. Immerhin bot dieser Antrag s\u00e4mtlichen Parteien erneute Gelegenheit, [&hellip;]\" \/>\n<meta property=\"og:url\" content=\"https:\/\/oliver-baer.de\/tatze\/die-landessprache-das-thema-bleibt\" \/>\n<meta property=\"og:site_name\" content=\"baerentatze\" \/>\n<meta property=\"article:published_time\" content=\"2020-11-01T17:18:07+00:00\" \/>\n<meta name=\"author\" content=\"Oliver Baer\" \/>\n<meta name=\"twitter:card\" content=\"summary_large_image\" \/>\n<meta name=\"twitter:label1\" content=\"Verfasst von\" \/>\n\t<meta name=\"twitter:data1\" content=\"Oliver Baer\" \/>\n\t<meta name=\"twitter:label2\" content=\"Gesch\u00e4tzte Lesezeit\" \/>\n\t<meta name=\"twitter:data2\" content=\"3\u00a0Minuten\" \/>\n<script type=\"application\/ld+json\" class=\"yoast-schema-graph\">{\"@context\":\"https:\/\/schema.org\",\"@graph\":[{\"@type\":\"Article\",\"@id\":\"https:\/\/oliver-baer.de\/tatze\/die-landessprache-das-thema-bleibt#article\",\"isPartOf\":{\"@id\":\"https:\/\/oliver-baer.de\/tatze\/die-landessprache-das-thema-bleibt\"},\"author\":{\"name\":\"Oliver Baer\",\"@id\":\"https:\/\/oliver-baer.de\/tatze\/#\/schema\/person\/5061b2c4e491b72f15a809aeda21ca13\"},\"headline\":\"Die Landessprache &#8230; das Thema bleibt\",\"datePublished\":\"2020-11-01T17:18:07+00:00\",\"dateModified\":\"2020-11-01T17:18:07+00:00\",\"mainEntityOfPage\":{\"@id\":\"https:\/\/oliver-baer.de\/tatze\/die-landessprache-das-thema-bleibt\"},\"wordCount\":549,\"publisher\":{\"@id\":\"https:\/\/oliver-baer.de\/tatze\/#organization\"},\"articleSection\":[\"Gesellschaft\"],\"inLanguage\":\"de\"},{\"@type\":\"WebPage\",\"@id\":\"https:\/\/oliver-baer.de\/tatze\/die-landessprache-das-thema-bleibt\",\"url\":\"https:\/\/oliver-baer.de\/tatze\/die-landessprache-das-thema-bleibt\",\"name\":\"Die Landessprache ... das Thema bleibt - baerentatze\",\"isPartOf\":{\"@id\":\"https:\/\/oliver-baer.de\/tatze\/#website\"},\"datePublished\":\"2020-11-01T17:18:07+00:00\",\"dateModified\":\"2020-11-01T17:18:07+00:00\",\"breadcrumb\":{\"@id\":\"https:\/\/oliver-baer.de\/tatze\/die-landessprache-das-thema-bleibt#breadcrumb\"},\"inLanguage\":\"de\",\"potentialAction\":[{\"@type\":\"ReadAction\",\"target\":[\"https:\/\/oliver-baer.de\/tatze\/die-landessprache-das-thema-bleibt\"]}]},{\"@type\":\"BreadcrumbList\",\"@id\":\"https:\/\/oliver-baer.de\/tatze\/die-landessprache-das-thema-bleibt#breadcrumb\",\"itemListElement\":[{\"@type\":\"ListItem\",\"position\":1,\"name\":\"Startseite\",\"item\":\"https:\/\/oliver-baer.de\/tatze\"},{\"@type\":\"ListItem\",\"position\":2,\"name\":\"Die Landessprache &#8230; das Thema bleibt\"}]},{\"@type\":\"WebSite\",\"@id\":\"https:\/\/oliver-baer.de\/tatze\/#website\",\"url\":\"https:\/\/oliver-baer.de\/tatze\/\",\"name\":\"baerentatze\",\"description\":\"wo es um Sprache geht\",\"publisher\":{\"@id\":\"https:\/\/oliver-baer.de\/tatze\/#organization\"},\"potentialAction\":[{\"@type\":\"SearchAction\",\"target\":{\"@type\":\"EntryPoint\",\"urlTemplate\":\"https:\/\/oliver-baer.de\/tatze\/?s={search_term_string}\"},\"query-input\":\"required name=search_term_string\"}],\"inLanguage\":\"de\"},{\"@type\":\"Organization\",\"@id\":\"https:\/\/oliver-baer.de\/tatze\/#organization\",\"name\":\"baerentatze\",\"url\":\"https:\/\/oliver-baer.de\/tatze\/\",\"logo\":{\"@type\":\"ImageObject\",\"inLanguage\":\"de\",\"@id\":\"https:\/\/oliver-baer.de\/tatze\/#\/schema\/logo\/image\/\",\"url\":\"https:\/\/oliver-baer.de\/tatze\/wp-content\/uploads\/2024\/05\/cropped-tatze-icon-1-1.png\",\"contentUrl\":\"https:\/\/oliver-baer.de\/tatze\/wp-content\/uploads\/2024\/05\/cropped-tatze-icon-1-1.png\",\"width\":1024,\"height\":1024,\"caption\":\"baerentatze\"},\"image\":{\"@id\":\"https:\/\/oliver-baer.de\/tatze\/#\/schema\/logo\/image\/\"}},{\"@type\":\"Person\",\"@id\":\"https:\/\/oliver-baer.de\/tatze\/#\/schema\/person\/5061b2c4e491b72f15a809aeda21ca13\",\"name\":\"Oliver Baer\",\"sameAs\":[\"http:\/\/www.oliver-baer.de\",\"https:\/\/www.linkedin.com\/in\/oliver-baer-98829327\/\"],\"url\":\"https:\/\/oliver-baer.de\/tatze\/author\/admin-2\"}]}<\/script>\n<!-- \/ Yoast SEO plugin. -->","yoast_head_json":{"title":"Die Landessprache ... das Thema bleibt - baerentatze","robots":{"index":"index","follow":"follow","max-snippet":"max-snippet:-1","max-image-preview":"max-image-preview:large","max-video-preview":"max-video-preview:-1"},"canonical":"https:\/\/oliver-baer.de\/tatze\/die-landessprache-das-thema-bleibt","og_locale":"de_DE","og_type":"article","og_title":"Die Landessprache ... das Thema bleibt - baerentatze","og_description":"Die Landessprache geh\u00f6rt in die Verfassung, wie in fast allen Staaten Europas, das forderte der Verein Deutsche Sprache schon 2005, bevor das Thema zum Spielball auf Parteitagen wurde, und dreizehn (!) Jahre bevor ein Antrag \u00e4hnlichen Inhalts im Bundestag ausgebuht wurde, weil ihn die AfD vorgelegt hatte. Immerhin bot dieser Antrag s\u00e4mtlichen Parteien erneute Gelegenheit, [&hellip;]","og_url":"https:\/\/oliver-baer.de\/tatze\/die-landessprache-das-thema-bleibt","og_site_name":"baerentatze","article_published_time":"2020-11-01T17:18:07+00:00","author":"Oliver Baer","twitter_card":"summary_large_image","twitter_misc":{"Verfasst von":"Oliver Baer","Gesch\u00e4tzte Lesezeit":"3\u00a0Minuten"},"schema":{"@context":"https:\/\/schema.org","@graph":[{"@type":"Article","@id":"https:\/\/oliver-baer.de\/tatze\/die-landessprache-das-thema-bleibt#article","isPartOf":{"@id":"https:\/\/oliver-baer.de\/tatze\/die-landessprache-das-thema-bleibt"},"author":{"name":"Oliver Baer","@id":"https:\/\/oliver-baer.de\/tatze\/#\/schema\/person\/5061b2c4e491b72f15a809aeda21ca13"},"headline":"Die Landessprache &#8230; das Thema bleibt","datePublished":"2020-11-01T17:18:07+00:00","dateModified":"2020-11-01T17:18:07+00:00","mainEntityOfPage":{"@id":"https:\/\/oliver-baer.de\/tatze\/die-landessprache-das-thema-bleibt"},"wordCount":549,"publisher":{"@id":"https:\/\/oliver-baer.de\/tatze\/#organization"},"articleSection":["Gesellschaft"],"inLanguage":"de"},{"@type":"WebPage","@id":"https:\/\/oliver-baer.de\/tatze\/die-landessprache-das-thema-bleibt","url":"https:\/\/oliver-baer.de\/tatze\/die-landessprache-das-thema-bleibt","name":"Die Landessprache ... das Thema bleibt - baerentatze","isPartOf":{"@id":"https:\/\/oliver-baer.de\/tatze\/#website"},"datePublished":"2020-11-01T17:18:07+00:00","dateModified":"2020-11-01T17:18:07+00:00","breadcrumb":{"@id":"https:\/\/oliver-baer.de\/tatze\/die-landessprache-das-thema-bleibt#breadcrumb"},"inLanguage":"de","potentialAction":[{"@type":"ReadAction","target":["https:\/\/oliver-baer.de\/tatze\/die-landessprache-das-thema-bleibt"]}]},{"@type":"BreadcrumbList","@id":"https:\/\/oliver-baer.de\/tatze\/die-landessprache-das-thema-bleibt#breadcrumb","itemListElement":[{"@type":"ListItem","position":1,"name":"Startseite","item":"https:\/\/oliver-baer.de\/tatze"},{"@type":"ListItem","position":2,"name":"Die Landessprache &#8230; das Thema bleibt"}]},{"@type":"WebSite","@id":"https:\/\/oliver-baer.de\/tatze\/#website","url":"https:\/\/oliver-baer.de\/tatze\/","name":"baerentatze","description":"wo es um Sprache geht","publisher":{"@id":"https:\/\/oliver-baer.de\/tatze\/#organization"},"potentialAction":[{"@type":"SearchAction","target":{"@type":"EntryPoint","urlTemplate":"https:\/\/oliver-baer.de\/tatze\/?s={search_term_string}"},"query-input":"required name=search_term_string"}],"inLanguage":"de"},{"@type":"Organization","@id":"https:\/\/oliver-baer.de\/tatze\/#organization","name":"baerentatze","url":"https:\/\/oliver-baer.de\/tatze\/","logo":{"@type":"ImageObject","inLanguage":"de","@id":"https:\/\/oliver-baer.de\/tatze\/#\/schema\/logo\/image\/","url":"https:\/\/oliver-baer.de\/tatze\/wp-content\/uploads\/2024\/05\/cropped-tatze-icon-1-1.png","contentUrl":"https:\/\/oliver-baer.de\/tatze\/wp-content\/uploads\/2024\/05\/cropped-tatze-icon-1-1.png","width":1024,"height":1024,"caption":"baerentatze"},"image":{"@id":"https:\/\/oliver-baer.de\/tatze\/#\/schema\/logo\/image\/"}},{"@type":"Person","@id":"https:\/\/oliver-baer.de\/tatze\/#\/schema\/person\/5061b2c4e491b72f15a809aeda21ca13","name":"Oliver Baer","sameAs":["http:\/\/www.oliver-baer.de","https:\/\/www.linkedin.com\/in\/oliver-baer-98829327\/"],"url":"https:\/\/oliver-baer.de\/tatze\/author\/admin-2"}]}},"_links":{"self":[{"href":"https:\/\/oliver-baer.de\/tatze\/wp-json\/wp\/v2\/posts\/5141"}],"collection":[{"href":"https:\/\/oliver-baer.de\/tatze\/wp-json\/wp\/v2\/posts"}],"about":[{"href":"https:\/\/oliver-baer.de\/tatze\/wp-json\/wp\/v2\/types\/post"}],"author":[{"embeddable":true,"href":"https:\/\/oliver-baer.de\/tatze\/wp-json\/wp\/v2\/users\/18"}],"replies":[{"embeddable":true,"href":"https:\/\/oliver-baer.de\/tatze\/wp-json\/wp\/v2\/comments?post=5141"}],"version-history":[{"count":10,"href":"https:\/\/oliver-baer.de\/tatze\/wp-json\/wp\/v2\/posts\/5141\/revisions"}],"predecessor-version":[{"id":5308,"href":"https:\/\/oliver-baer.de\/tatze\/wp-json\/wp\/v2\/posts\/5141\/revisions\/5308"}],"wp:attachment":[{"href":"https:\/\/oliver-baer.de\/tatze\/wp-json\/wp\/v2\/media?parent=5141"}],"wp:term":[{"taxonomy":"category","embeddable":true,"href":"https:\/\/oliver-baer.de\/tatze\/wp-json\/wp\/v2\/categories?post=5141"},{"taxonomy":"post_tag","embeddable":true,"href":"https:\/\/oliver-baer.de\/tatze\/wp-json\/wp\/v2\/tags?post=5141"}],"curies":[{"name":"wp","href":"https:\/\/api.w.org\/{rel}","templated":true}]}}