{"id":4480,"date":"2011-06-11T16:24:22","date_gmt":"2011-06-11T15:24:22","guid":{"rendered":"https:\/\/oliver-baer.de\/tatze\/?p=4480"},"modified":"2017-12-08T15:11:49","modified_gmt":"2017-12-08T14:11:49","slug":"lingua-franca-der-nomaden","status":"publish","type":"post","link":"https:\/\/oliver-baer.de\/tatze\/lingua-franca-der-nomaden","title":{"rendered":"Lingua franca der Nomaden"},"content":{"rendered":"<p><img loading=\"lazy\" decoding=\"async\" src=\"https:\/\/oliver-baer.de\/tatze\/wp-content\/uploads\/2012\/02\/Von-Babylon-nach-Globylon-timbre-e1498574456271.jpg\" alt=\"\" width=\"168\" height=\"249\" class=\"alignleft size-full wp-image-994\" \/><em>Leseprobe Nr. 4 aus Von Babylon nach Globylon<\/em><\/p>\n<p>Zuguterletzt spricht ein soziologisches und zugleich soziodemografisches (mithin volkswirtschaftliches) Motiv daf\u00fcr, dass wir Deutsch als Wirtschafts- oder Produktionsfaktor ernstnehmen. Allein in Deutschland leben \u00fcber 15 Millionen Personen mit sogenanntem \u201eMigrationshintergrund\u201c; das sind Deutsche aus dem Ausland (Sp\u00e4taussiedler), es sind die Einwanderer mit ihren Kindern sowie Asylanten \u2013 zusammen fast ein F\u00fcnftel der Bev\u00f6lkerung: Deutschland ist \u2013 wie \u00d6sterreich und die Schweiz \u2013 ein Einwanderungsland.<\/p>\n<p>Neben ihrer Muttersprache brauchen die Einwanderer Deutsch, damit werden sie bei uns heimisch. Nebenbei dient unsere Landessprache n\u00e4mlich als ihre Lingua franca. Untereinander verst\u00e4ndigen sich Wolgadeutsche und Albaner, Polen und T\u00fcrken im Lande \u2013 auf Deutsch. Die Deutschpr\u00fcfung nach dem Integrationskurs verlangt das GER-Niveau B1 und wir haben sie gef\u00e4lligst dabei zu unterst\u00fctzen, dass sie dieses Niveau erreichen \u2013 auch in unserem Interesse.<\/p>\n<p>In der Bildungspolitik k\u00e4me mehr Selbstvertrauen gelegen, sonst beh\u00e4lt Walter Jens recht, der schon in den Neunzigern meinte, wenn es so weiterginge, k\u00f6nnten die Deutschen bald nicht mehr richtig Deutsch und noch nicht richtig Englisch.<\/p>\n<p>In der Alltagssprache spielt diese Bef\u00fcrchtung keine Rolle. Zu beachten im Schaubild ist jedoch der obere, blaue Bereich: Wie hoch wird der gr\u00fcne (englische) Pfeil bestenfalls reichen? Oben ist die Zone der Sprachbeherrschung, in der sich das kreative Denken abspielt, die helle Zone ganz unten gen\u00fcgt zum Leeren der M\u00fclltonnen. Wo die Pfeile einander kreuzen, h\u00e4tten wir demnach mehr verloren als gewonnen.<\/p>\n<p>Immerhin k\u00e4men bei dieser Abw\u00e4rtsbewegung die Eingeborenen den Einwanderern im Deutschen entgegen, w\u00e4hrend sie selbst ins Englische fl\u00fcchten (S. 69).<\/p>\n<p>So stehen wir als Einzelne, wie die Volkswirtschaft, vor der Notwendigkeit, kl\u00fcger zu investieren: Erst in Deutsch, dann im angemessenen Umfang in die Fremdsprachen, zuerst die der Nachbarn, dann in Englisch, als Grundlage f\u00fcr das Globische. Dass wir Deutsch in der Schule als ein Fach unter vielen ansehen, und Deutsch als Unterrichtsmedium von Englisch verdr\u00e4ngen lassen, das w\u00e4re so ziemlich das D\u00fcmmste, was wir uns antun k\u00f6nnen.<\/p>\n<p>Mehr zu diesem Thema im Buch <a href=\"https:\/\/oliver-baer.de\/tatze\/angemessene-sprache\/veroeffentlichungen-auf-papier\" rel=\"noopener\" target=\"_blank\">Von Babylon nach Globylon<\/a> ab Seite 182.<\/p>\n","protected":false},"excerpt":{"rendered":"<p>Leseprobe Nr. 4 aus Von Babylon nach Globylon Zuguterletzt spricht ein soziologisches und zugleich soziodemografisches (mithin volkswirtschaftliches) Motiv daf\u00fcr, dass wir Deutsch als Wirtschafts- oder Produktionsfaktor ernstnehmen. Allein in Deutschland leben \u00fcber 15 Millionen Personen mit sogenanntem \u201eMigrationshintergrund\u201c; das sind Deutsche aus dem Ausland (Sp\u00e4taussiedler), es sind die Einwanderer mit ihren Kindern sowie Asylanten \u2013 [&hellip;]<\/p>\n","protected":false},"author":18,"featured_media":0,"comment_status":"closed","ping_status":"open","sticky":false,"template":"","format":"standard","meta":{"footnotes":""},"categories":[21],"tags":[],"yoast_head":"<!-- This site is optimized with the Yoast SEO plugin v22.7 - https:\/\/yoast.com\/wordpress\/plugins\/seo\/ -->\n<title>Lingua franca der Nomaden - baerentatze<\/title>\n<meta name=\"robots\" content=\"index, follow, max-snippet:-1, max-image-preview:large, max-video-preview:-1\" \/>\n<link rel=\"canonical\" href=\"https:\/\/oliver-baer.de\/tatze\/lingua-franca-der-nomaden\" \/>\n<meta property=\"og:locale\" content=\"de_DE\" \/>\n<meta property=\"og:type\" content=\"article\" \/>\n<meta property=\"og:title\" content=\"Lingua franca der Nomaden - baerentatze\" \/>\n<meta property=\"og:description\" content=\"Leseprobe Nr. 4 aus Von Babylon nach Globylon Zuguterletzt spricht ein soziologisches und zugleich soziodemografisches (mithin volkswirtschaftliches) Motiv daf\u00fcr, dass wir Deutsch als Wirtschafts- oder Produktionsfaktor ernstnehmen. Allein in Deutschland leben \u00fcber 15 Millionen Personen mit sogenanntem \u201eMigrationshintergrund\u201c; das sind Deutsche aus dem Ausland (Sp\u00e4taussiedler), es sind die Einwanderer mit ihren Kindern sowie Asylanten \u2013 [&hellip;]\" \/>\n<meta property=\"og:url\" content=\"https:\/\/oliver-baer.de\/tatze\/lingua-franca-der-nomaden\" \/>\n<meta property=\"og:site_name\" content=\"baerentatze\" \/>\n<meta property=\"article:published_time\" content=\"2011-06-11T15:24:22+00:00\" \/>\n<meta property=\"article:modified_time\" content=\"2017-12-08T14:11:49+00:00\" \/>\n<meta property=\"og:image\" content=\"https:\/\/oliver-baer.de\/tatze\/wp-content\/uploads\/2012\/02\/Von-Babylon-nach-Globylon-timbre-e1498574456271.jpg\" \/>\n<meta name=\"author\" content=\"Oliver Baer\" \/>\n<meta name=\"twitter:card\" content=\"summary_large_image\" \/>\n<meta name=\"twitter:label1\" content=\"Verfasst von\" \/>\n\t<meta name=\"twitter:data1\" content=\"Oliver Baer\" \/>\n\t<meta name=\"twitter:label2\" content=\"Gesch\u00e4tzte Lesezeit\" \/>\n\t<meta name=\"twitter:data2\" content=\"2\u00a0Minuten\" \/>\n<script type=\"application\/ld+json\" class=\"yoast-schema-graph\">{\"@context\":\"https:\/\/schema.org\",\"@graph\":[{\"@type\":\"Article\",\"@id\":\"https:\/\/oliver-baer.de\/tatze\/lingua-franca-der-nomaden#article\",\"isPartOf\":{\"@id\":\"https:\/\/oliver-baer.de\/tatze\/lingua-franca-der-nomaden\"},\"author\":{\"name\":\"Oliver Baer\",\"@id\":\"https:\/\/oliver-baer.de\/tatze\/#\/schema\/person\/5061b2c4e491b72f15a809aeda21ca13\"},\"headline\":\"Lingua franca der Nomaden\",\"datePublished\":\"2011-06-11T15:24:22+00:00\",\"dateModified\":\"2017-12-08T14:11:49+00:00\",\"mainEntityOfPage\":{\"@id\":\"https:\/\/oliver-baer.de\/tatze\/lingua-franca-der-nomaden\"},\"wordCount\":355,\"publisher\":{\"@id\":\"https:\/\/oliver-baer.de\/tatze\/#organization\"},\"image\":{\"@id\":\"https:\/\/oliver-baer.de\/tatze\/lingua-franca-der-nomaden#primaryimage\"},\"thumbnailUrl\":\"https:\/\/oliver-baer.de\/tatze\/wp-content\/uploads\/2012\/02\/Von-Babylon-nach-Globylon-timbre-e1498574456271.jpg\",\"articleSection\":[\"Globylon\"],\"inLanguage\":\"de\"},{\"@type\":\"WebPage\",\"@id\":\"https:\/\/oliver-baer.de\/tatze\/lingua-franca-der-nomaden\",\"url\":\"https:\/\/oliver-baer.de\/tatze\/lingua-franca-der-nomaden\",\"name\":\"Lingua franca der Nomaden - baerentatze\",\"isPartOf\":{\"@id\":\"https:\/\/oliver-baer.de\/tatze\/#website\"},\"primaryImageOfPage\":{\"@id\":\"https:\/\/oliver-baer.de\/tatze\/lingua-franca-der-nomaden#primaryimage\"},\"image\":{\"@id\":\"https:\/\/oliver-baer.de\/tatze\/lingua-franca-der-nomaden#primaryimage\"},\"thumbnailUrl\":\"https:\/\/oliver-baer.de\/tatze\/wp-content\/uploads\/2012\/02\/Von-Babylon-nach-Globylon-timbre-e1498574456271.jpg\",\"datePublished\":\"2011-06-11T15:24:22+00:00\",\"dateModified\":\"2017-12-08T14:11:49+00:00\",\"breadcrumb\":{\"@id\":\"https:\/\/oliver-baer.de\/tatze\/lingua-franca-der-nomaden#breadcrumb\"},\"inLanguage\":\"de\",\"potentialAction\":[{\"@type\":\"ReadAction\",\"target\":[\"https:\/\/oliver-baer.de\/tatze\/lingua-franca-der-nomaden\"]}]},{\"@type\":\"ImageObject\",\"inLanguage\":\"de\",\"@id\":\"https:\/\/oliver-baer.de\/tatze\/lingua-franca-der-nomaden#primaryimage\",\"url\":\"https:\/\/oliver-baer.de\/tatze\/wp-content\/uploads\/2012\/02\/Von-Babylon-nach-Globylon-timbre-e1498574456271.jpg\",\"contentUrl\":\"https:\/\/oliver-baer.de\/tatze\/wp-content\/uploads\/2012\/02\/Von-Babylon-nach-Globylon-timbre-e1498574456271.jpg\",\"width\":168,\"height\":249},{\"@type\":\"BreadcrumbList\",\"@id\":\"https:\/\/oliver-baer.de\/tatze\/lingua-franca-der-nomaden#breadcrumb\",\"itemListElement\":[{\"@type\":\"ListItem\",\"position\":1,\"name\":\"Startseite\",\"item\":\"https:\/\/oliver-baer.de\/tatze\"},{\"@type\":\"ListItem\",\"position\":2,\"name\":\"Lingua franca der Nomaden\"}]},{\"@type\":\"WebSite\",\"@id\":\"https:\/\/oliver-baer.de\/tatze\/#website\",\"url\":\"https:\/\/oliver-baer.de\/tatze\/\",\"name\":\"baerentatze\",\"description\":\"wo es um Sprache geht\",\"publisher\":{\"@id\":\"https:\/\/oliver-baer.de\/tatze\/#organization\"},\"potentialAction\":[{\"@type\":\"SearchAction\",\"target\":{\"@type\":\"EntryPoint\",\"urlTemplate\":\"https:\/\/oliver-baer.de\/tatze\/?s={search_term_string}\"},\"query-input\":\"required name=search_term_string\"}],\"inLanguage\":\"de\"},{\"@type\":\"Organization\",\"@id\":\"https:\/\/oliver-baer.de\/tatze\/#organization\",\"name\":\"baerentatze\",\"url\":\"https:\/\/oliver-baer.de\/tatze\/\",\"logo\":{\"@type\":\"ImageObject\",\"inLanguage\":\"de\",\"@id\":\"https:\/\/oliver-baer.de\/tatze\/#\/schema\/logo\/image\/\",\"url\":\"https:\/\/oliver-baer.de\/tatze\/wp-content\/uploads\/2024\/05\/cropped-tatze-icon-1-1.png\",\"contentUrl\":\"https:\/\/oliver-baer.de\/tatze\/wp-content\/uploads\/2024\/05\/cropped-tatze-icon-1-1.png\",\"width\":1024,\"height\":1024,\"caption\":\"baerentatze\"},\"image\":{\"@id\":\"https:\/\/oliver-baer.de\/tatze\/#\/schema\/logo\/image\/\"}},{\"@type\":\"Person\",\"@id\":\"https:\/\/oliver-baer.de\/tatze\/#\/schema\/person\/5061b2c4e491b72f15a809aeda21ca13\",\"name\":\"Oliver Baer\",\"sameAs\":[\"http:\/\/www.oliver-baer.de\",\"https:\/\/www.linkedin.com\/in\/oliver-baer-98829327\/\"],\"url\":\"https:\/\/oliver-baer.de\/tatze\/author\/admin-2\"}]}<\/script>\n<!-- \/ Yoast SEO plugin. -->","yoast_head_json":{"title":"Lingua franca der Nomaden - baerentatze","robots":{"index":"index","follow":"follow","max-snippet":"max-snippet:-1","max-image-preview":"max-image-preview:large","max-video-preview":"max-video-preview:-1"},"canonical":"https:\/\/oliver-baer.de\/tatze\/lingua-franca-der-nomaden","og_locale":"de_DE","og_type":"article","og_title":"Lingua franca der Nomaden - baerentatze","og_description":"Leseprobe Nr. 4 aus Von Babylon nach Globylon Zuguterletzt spricht ein soziologisches und zugleich soziodemografisches (mithin volkswirtschaftliches) Motiv daf\u00fcr, dass wir Deutsch als Wirtschafts- oder Produktionsfaktor ernstnehmen. Allein in Deutschland leben \u00fcber 15 Millionen Personen mit sogenanntem \u201eMigrationshintergrund\u201c; das sind Deutsche aus dem Ausland (Sp\u00e4taussiedler), es sind die Einwanderer mit ihren Kindern sowie Asylanten \u2013 [&hellip;]","og_url":"https:\/\/oliver-baer.de\/tatze\/lingua-franca-der-nomaden","og_site_name":"baerentatze","article_published_time":"2011-06-11T15:24:22+00:00","article_modified_time":"2017-12-08T14:11:49+00:00","og_image":[{"url":"https:\/\/oliver-baer.de\/tatze\/wp-content\/uploads\/2012\/02\/Von-Babylon-nach-Globylon-timbre-e1498574456271.jpg"}],"author":"Oliver Baer","twitter_card":"summary_large_image","twitter_misc":{"Verfasst von":"Oliver Baer","Gesch\u00e4tzte Lesezeit":"2\u00a0Minuten"},"schema":{"@context":"https:\/\/schema.org","@graph":[{"@type":"Article","@id":"https:\/\/oliver-baer.de\/tatze\/lingua-franca-der-nomaden#article","isPartOf":{"@id":"https:\/\/oliver-baer.de\/tatze\/lingua-franca-der-nomaden"},"author":{"name":"Oliver Baer","@id":"https:\/\/oliver-baer.de\/tatze\/#\/schema\/person\/5061b2c4e491b72f15a809aeda21ca13"},"headline":"Lingua franca der Nomaden","datePublished":"2011-06-11T15:24:22+00:00","dateModified":"2017-12-08T14:11:49+00:00","mainEntityOfPage":{"@id":"https:\/\/oliver-baer.de\/tatze\/lingua-franca-der-nomaden"},"wordCount":355,"publisher":{"@id":"https:\/\/oliver-baer.de\/tatze\/#organization"},"image":{"@id":"https:\/\/oliver-baer.de\/tatze\/lingua-franca-der-nomaden#primaryimage"},"thumbnailUrl":"https:\/\/oliver-baer.de\/tatze\/wp-content\/uploads\/2012\/02\/Von-Babylon-nach-Globylon-timbre-e1498574456271.jpg","articleSection":["Globylon"],"inLanguage":"de"},{"@type":"WebPage","@id":"https:\/\/oliver-baer.de\/tatze\/lingua-franca-der-nomaden","url":"https:\/\/oliver-baer.de\/tatze\/lingua-franca-der-nomaden","name":"Lingua franca der Nomaden - baerentatze","isPartOf":{"@id":"https:\/\/oliver-baer.de\/tatze\/#website"},"primaryImageOfPage":{"@id":"https:\/\/oliver-baer.de\/tatze\/lingua-franca-der-nomaden#primaryimage"},"image":{"@id":"https:\/\/oliver-baer.de\/tatze\/lingua-franca-der-nomaden#primaryimage"},"thumbnailUrl":"https:\/\/oliver-baer.de\/tatze\/wp-content\/uploads\/2012\/02\/Von-Babylon-nach-Globylon-timbre-e1498574456271.jpg","datePublished":"2011-06-11T15:24:22+00:00","dateModified":"2017-12-08T14:11:49+00:00","breadcrumb":{"@id":"https:\/\/oliver-baer.de\/tatze\/lingua-franca-der-nomaden#breadcrumb"},"inLanguage":"de","potentialAction":[{"@type":"ReadAction","target":["https:\/\/oliver-baer.de\/tatze\/lingua-franca-der-nomaden"]}]},{"@type":"ImageObject","inLanguage":"de","@id":"https:\/\/oliver-baer.de\/tatze\/lingua-franca-der-nomaden#primaryimage","url":"https:\/\/oliver-baer.de\/tatze\/wp-content\/uploads\/2012\/02\/Von-Babylon-nach-Globylon-timbre-e1498574456271.jpg","contentUrl":"https:\/\/oliver-baer.de\/tatze\/wp-content\/uploads\/2012\/02\/Von-Babylon-nach-Globylon-timbre-e1498574456271.jpg","width":168,"height":249},{"@type":"BreadcrumbList","@id":"https:\/\/oliver-baer.de\/tatze\/lingua-franca-der-nomaden#breadcrumb","itemListElement":[{"@type":"ListItem","position":1,"name":"Startseite","item":"https:\/\/oliver-baer.de\/tatze"},{"@type":"ListItem","position":2,"name":"Lingua franca der Nomaden"}]},{"@type":"WebSite","@id":"https:\/\/oliver-baer.de\/tatze\/#website","url":"https:\/\/oliver-baer.de\/tatze\/","name":"baerentatze","description":"wo es um Sprache geht","publisher":{"@id":"https:\/\/oliver-baer.de\/tatze\/#organization"},"potentialAction":[{"@type":"SearchAction","target":{"@type":"EntryPoint","urlTemplate":"https:\/\/oliver-baer.de\/tatze\/?s={search_term_string}"},"query-input":"required name=search_term_string"}],"inLanguage":"de"},{"@type":"Organization","@id":"https:\/\/oliver-baer.de\/tatze\/#organization","name":"baerentatze","url":"https:\/\/oliver-baer.de\/tatze\/","logo":{"@type":"ImageObject","inLanguage":"de","@id":"https:\/\/oliver-baer.de\/tatze\/#\/schema\/logo\/image\/","url":"https:\/\/oliver-baer.de\/tatze\/wp-content\/uploads\/2024\/05\/cropped-tatze-icon-1-1.png","contentUrl":"https:\/\/oliver-baer.de\/tatze\/wp-content\/uploads\/2024\/05\/cropped-tatze-icon-1-1.png","width":1024,"height":1024,"caption":"baerentatze"},"image":{"@id":"https:\/\/oliver-baer.de\/tatze\/#\/schema\/logo\/image\/"}},{"@type":"Person","@id":"https:\/\/oliver-baer.de\/tatze\/#\/schema\/person\/5061b2c4e491b72f15a809aeda21ca13","name":"Oliver Baer","sameAs":["http:\/\/www.oliver-baer.de","https:\/\/www.linkedin.com\/in\/oliver-baer-98829327\/"],"url":"https:\/\/oliver-baer.de\/tatze\/author\/admin-2"}]}},"_links":{"self":[{"href":"https:\/\/oliver-baer.de\/tatze\/wp-json\/wp\/v2\/posts\/4480"}],"collection":[{"href":"https:\/\/oliver-baer.de\/tatze\/wp-json\/wp\/v2\/posts"}],"about":[{"href":"https:\/\/oliver-baer.de\/tatze\/wp-json\/wp\/v2\/types\/post"}],"author":[{"embeddable":true,"href":"https:\/\/oliver-baer.de\/tatze\/wp-json\/wp\/v2\/users\/18"}],"replies":[{"embeddable":true,"href":"https:\/\/oliver-baer.de\/tatze\/wp-json\/wp\/v2\/comments?post=4480"}],"version-history":[{"count":4,"href":"https:\/\/oliver-baer.de\/tatze\/wp-json\/wp\/v2\/posts\/4480\/revisions"}],"predecessor-version":[{"id":4926,"href":"https:\/\/oliver-baer.de\/tatze\/wp-json\/wp\/v2\/posts\/4480\/revisions\/4926"}],"wp:attachment":[{"href":"https:\/\/oliver-baer.de\/tatze\/wp-json\/wp\/v2\/media?parent=4480"}],"wp:term":[{"taxonomy":"category","embeddable":true,"href":"https:\/\/oliver-baer.de\/tatze\/wp-json\/wp\/v2\/categories?post=4480"},{"taxonomy":"post_tag","embeddable":true,"href":"https:\/\/oliver-baer.de\/tatze\/wp-json\/wp\/v2\/tags?post=4480"}],"curies":[{"name":"wp","href":"https:\/\/api.w.org\/{rel}","templated":true}]}}