{"id":4475,"date":"2011-06-11T16:20:24","date_gmt":"2011-06-11T15:20:24","guid":{"rendered":"https:\/\/oliver-baer.de\/tatze\/?p=4475"},"modified":"2017-12-08T15:38:53","modified_gmt":"2017-12-08T14:38:53","slug":"das-lied-vom-tod-und-eines-von-der-liebe","status":"publish","type":"post","link":"https:\/\/oliver-baer.de\/tatze\/das-lied-vom-tod-und-eines-von-der-liebe","title":{"rendered":"Das Lied vom Tod \u2013 und eines von der Liebe"},"content":{"rendered":"<p><img loading=\"lazy\" decoding=\"async\" src=\"https:\/\/oliver-baer.de\/tatze\/wp-content\/uploads\/2012\/02\/Von-Babylon-nach-Globylon-timbre-e1498574456271.jpg\" alt=\"\" width=\"168\" height=\"249\" class=\"alignleft size-full wp-image-994\" \/><em>Leseprobe Nr. 1 aus Von Babylon nach Globylon<\/em><\/p>\n<p><em>Dem aufmerksamen Leser entgeht nicht, dass hier vom Leben und Sterben die Rede ist \u2013 als h\u00e4tten wir nicht schon in aller Sorgfalt gekl\u00e4rt, dass solche Rede nur passt, wenn man glaubt, die Sprache sei ein Organismus: Die Analogie taugt daher nichts bis zum schl\u00fcssigen Beweis des Gegenteils (siehe <a href=\"https:\/\/oliver-baer.de\/tatze\/gesellschaft\/verandert-sich-die-sprache\" rel=\"noopener\" target=\"_blank\">\u201eVer\u00e4ndert sich die Sprache?\u201c<\/a>). <\/em><\/p>\n<p>An der Beweisf\u00fchrung arbeitet jedoch keiner. Schade, denn falls sie sich best\u00e4tigte, m\u00fcssten wir unsere Umgangsformen \u00fcberdenken, und Denkm\u00e4ler und Alt\u00e4re f\u00fcr die Sprache errichten. Bis dahin bleibt es eine gef\u00e4hrliche Analogie f\u00fcr jene, die sie im Munde f\u00fchren: Sie m\u00fcssten dann zu Schl\u00fcssen kommen, die ihnen noch weniger in den Kram passen als die M\u00e4r von der Sprache die \u201esich ver\u00e4ndert\u201c.<\/p>\n<p>Kein schiefes Bild, sondern eine Tatsache ist der Tod von Kulturen im Regenwald. Ganze Indianerst\u00e4mme sterben aus, und mit ihnen geht die Sprache, in der sie die Flora und Fauna ihres Biotops beschreiben, und dessen Gleichgewicht sie erhalten, damit sie \u00fcberleben. Uns kommt das r\u00fcckst\u00e4ndig vor, aber sie wissen Einmaliges. Zum Beispiel \u00fcber die Heilkraft eines Krauts, das nur dort vorkommt, und die Insekten, die in Symbiose mit ihm leben.<\/p>\n<p>Eine Pharmaindustrie, die ihre L\u00f6sungen mit Milliardenaufwand erzwingt, k\u00f6nnte \u00f6fter der Natur am Amazonas die L\u00f6sungen abschauen. Solange die St\u00e4mme noch leben, denn mit ihrer Sprache verliert die Welt ihr Wissen. An dem Punkt ist Endstation f\u00fcr die Bionik, immerhin eine der \u00dcberlebenswissenschaften, falls wir die Welt weiter ausrauben wie bisher.<\/p>\n<p>\u201eVerliert man eine Kultur\u201c, sagte der Biologe William Sutherland, \u201everliert man ein einzigartiges Set aus Antworten auf die Frage, was es bedeutet, ein Mensch zu sein.\u201c Dazu Anne-Catherine Simon: \u201eTrauriger noch, k\u00f6nnte man hinzuf\u00fcgen: Wenn sich alle immer \u00e4hnlicher werden, glaubt man die Antwort zu kennen und fragt gar nicht mehr.\u201c<\/p>\n<p>Tritt das ein, k\u00f6nnen wir die Universit\u00e4ten stilllegen, das w\u00e4re das Ende der Wissenschaften. Spannung folgt aus den Fragen, nicht aus den Antworten.<\/p>\n<hr \/>\n<p>&#8230; (im Buch <a href=\"https:\/\/oliver-baer.de\/tatze\/angemessene-sprache\/veroeffentlichungen-auf-papier\" rel=\"noopener\" target=\"_blank\">Von Babylon nach Globylon<\/a> weiter auf Seite 187)<\/p>\n","protected":false},"excerpt":{"rendered":"<p>Leseprobe Nr. 1 aus Von Babylon nach Globylon Dem aufmerksamen Leser entgeht nicht, dass hier vom Leben und Sterben die Rede ist \u2013 als h\u00e4tten wir nicht schon in aller Sorgfalt gekl\u00e4rt, dass solche Rede nur passt, wenn man glaubt, die Sprache sei ein Organismus: Die Analogie taugt daher nichts bis zum schl\u00fcssigen Beweis des [&hellip;]<\/p>\n","protected":false},"author":18,"featured_media":0,"comment_status":"closed","ping_status":"open","sticky":false,"template":"","format":"standard","meta":{"footnotes":""},"categories":[21],"tags":[],"yoast_head":"<!-- This site is optimized with the Yoast SEO plugin v22.7 - https:\/\/yoast.com\/wordpress\/plugins\/seo\/ -->\n<title>Das Lied vom Tod \u2013 und eines von der Liebe - baerentatze<\/title>\n<meta name=\"robots\" content=\"index, follow, max-snippet:-1, max-image-preview:large, max-video-preview:-1\" \/>\n<link rel=\"canonical\" href=\"https:\/\/oliver-baer.de\/tatze\/das-lied-vom-tod-und-eines-von-der-liebe\" \/>\n<meta property=\"og:locale\" content=\"de_DE\" \/>\n<meta property=\"og:type\" content=\"article\" \/>\n<meta property=\"og:title\" content=\"Das Lied vom Tod \u2013 und eines von der Liebe - baerentatze\" \/>\n<meta property=\"og:description\" content=\"Leseprobe Nr. 1 aus Von Babylon nach Globylon Dem aufmerksamen Leser entgeht nicht, dass hier vom Leben und Sterben die Rede ist \u2013 als h\u00e4tten wir nicht schon in aller Sorgfalt gekl\u00e4rt, dass solche Rede nur passt, wenn man glaubt, die Sprache sei ein Organismus: Die Analogie taugt daher nichts bis zum schl\u00fcssigen Beweis des [&hellip;]\" \/>\n<meta property=\"og:url\" content=\"https:\/\/oliver-baer.de\/tatze\/das-lied-vom-tod-und-eines-von-der-liebe\" \/>\n<meta property=\"og:site_name\" content=\"baerentatze\" \/>\n<meta property=\"article:published_time\" content=\"2011-06-11T15:20:24+00:00\" \/>\n<meta property=\"article:modified_time\" content=\"2017-12-08T14:38:53+00:00\" \/>\n<meta property=\"og:image\" content=\"https:\/\/oliver-baer.de\/tatze\/wp-content\/uploads\/2012\/02\/Von-Babylon-nach-Globylon-timbre-e1498574456271.jpg\" \/>\n<meta name=\"author\" content=\"Oliver Baer\" \/>\n<meta name=\"twitter:card\" content=\"summary_large_image\" \/>\n<meta name=\"twitter:label1\" content=\"Verfasst von\" \/>\n\t<meta name=\"twitter:data1\" content=\"Oliver Baer\" \/>\n\t<meta name=\"twitter:label2\" content=\"Gesch\u00e4tzte Lesezeit\" \/>\n\t<meta name=\"twitter:data2\" content=\"2\u00a0Minuten\" \/>\n<script type=\"application\/ld+json\" class=\"yoast-schema-graph\">{\"@context\":\"https:\/\/schema.org\",\"@graph\":[{\"@type\":\"Article\",\"@id\":\"https:\/\/oliver-baer.de\/tatze\/das-lied-vom-tod-und-eines-von-der-liebe#article\",\"isPartOf\":{\"@id\":\"https:\/\/oliver-baer.de\/tatze\/das-lied-vom-tod-und-eines-von-der-liebe\"},\"author\":{\"name\":\"Oliver Baer\",\"@id\":\"https:\/\/oliver-baer.de\/tatze\/#\/schema\/person\/5061b2c4e491b72f15a809aeda21ca13\"},\"headline\":\"Das Lied vom Tod \u2013 und eines von der Liebe\",\"datePublished\":\"2011-06-11T15:20:24+00:00\",\"dateModified\":\"2017-12-08T14:38:53+00:00\",\"mainEntityOfPage\":{\"@id\":\"https:\/\/oliver-baer.de\/tatze\/das-lied-vom-tod-und-eines-von-der-liebe\"},\"wordCount\":364,\"publisher\":{\"@id\":\"https:\/\/oliver-baer.de\/tatze\/#organization\"},\"image\":{\"@id\":\"https:\/\/oliver-baer.de\/tatze\/das-lied-vom-tod-und-eines-von-der-liebe#primaryimage\"},\"thumbnailUrl\":\"https:\/\/oliver-baer.de\/tatze\/wp-content\/uploads\/2012\/02\/Von-Babylon-nach-Globylon-timbre-e1498574456271.jpg\",\"articleSection\":[\"Globylon\"],\"inLanguage\":\"de\"},{\"@type\":\"WebPage\",\"@id\":\"https:\/\/oliver-baer.de\/tatze\/das-lied-vom-tod-und-eines-von-der-liebe\",\"url\":\"https:\/\/oliver-baer.de\/tatze\/das-lied-vom-tod-und-eines-von-der-liebe\",\"name\":\"Das Lied vom Tod \u2013 und eines von der Liebe - baerentatze\",\"isPartOf\":{\"@id\":\"https:\/\/oliver-baer.de\/tatze\/#website\"},\"primaryImageOfPage\":{\"@id\":\"https:\/\/oliver-baer.de\/tatze\/das-lied-vom-tod-und-eines-von-der-liebe#primaryimage\"},\"image\":{\"@id\":\"https:\/\/oliver-baer.de\/tatze\/das-lied-vom-tod-und-eines-von-der-liebe#primaryimage\"},\"thumbnailUrl\":\"https:\/\/oliver-baer.de\/tatze\/wp-content\/uploads\/2012\/02\/Von-Babylon-nach-Globylon-timbre-e1498574456271.jpg\",\"datePublished\":\"2011-06-11T15:20:24+00:00\",\"dateModified\":\"2017-12-08T14:38:53+00:00\",\"breadcrumb\":{\"@id\":\"https:\/\/oliver-baer.de\/tatze\/das-lied-vom-tod-und-eines-von-der-liebe#breadcrumb\"},\"inLanguage\":\"de\",\"potentialAction\":[{\"@type\":\"ReadAction\",\"target\":[\"https:\/\/oliver-baer.de\/tatze\/das-lied-vom-tod-und-eines-von-der-liebe\"]}]},{\"@type\":\"ImageObject\",\"inLanguage\":\"de\",\"@id\":\"https:\/\/oliver-baer.de\/tatze\/das-lied-vom-tod-und-eines-von-der-liebe#primaryimage\",\"url\":\"https:\/\/oliver-baer.de\/tatze\/wp-content\/uploads\/2012\/02\/Von-Babylon-nach-Globylon-timbre-e1498574456271.jpg\",\"contentUrl\":\"https:\/\/oliver-baer.de\/tatze\/wp-content\/uploads\/2012\/02\/Von-Babylon-nach-Globylon-timbre-e1498574456271.jpg\",\"width\":168,\"height\":249},{\"@type\":\"BreadcrumbList\",\"@id\":\"https:\/\/oliver-baer.de\/tatze\/das-lied-vom-tod-und-eines-von-der-liebe#breadcrumb\",\"itemListElement\":[{\"@type\":\"ListItem\",\"position\":1,\"name\":\"Startseite\",\"item\":\"https:\/\/oliver-baer.de\/tatze\"},{\"@type\":\"ListItem\",\"position\":2,\"name\":\"Das Lied vom Tod \u2013 und eines von der Liebe\"}]},{\"@type\":\"WebSite\",\"@id\":\"https:\/\/oliver-baer.de\/tatze\/#website\",\"url\":\"https:\/\/oliver-baer.de\/tatze\/\",\"name\":\"baerentatze\",\"description\":\"wo es um Sprache geht\",\"publisher\":{\"@id\":\"https:\/\/oliver-baer.de\/tatze\/#organization\"},\"potentialAction\":[{\"@type\":\"SearchAction\",\"target\":{\"@type\":\"EntryPoint\",\"urlTemplate\":\"https:\/\/oliver-baer.de\/tatze\/?s={search_term_string}\"},\"query-input\":\"required name=search_term_string\"}],\"inLanguage\":\"de\"},{\"@type\":\"Organization\",\"@id\":\"https:\/\/oliver-baer.de\/tatze\/#organization\",\"name\":\"baerentatze\",\"url\":\"https:\/\/oliver-baer.de\/tatze\/\",\"logo\":{\"@type\":\"ImageObject\",\"inLanguage\":\"de\",\"@id\":\"https:\/\/oliver-baer.de\/tatze\/#\/schema\/logo\/image\/\",\"url\":\"https:\/\/oliver-baer.de\/tatze\/wp-content\/uploads\/2024\/05\/cropped-tatze-icon-1-1.png\",\"contentUrl\":\"https:\/\/oliver-baer.de\/tatze\/wp-content\/uploads\/2024\/05\/cropped-tatze-icon-1-1.png\",\"width\":1024,\"height\":1024,\"caption\":\"baerentatze\"},\"image\":{\"@id\":\"https:\/\/oliver-baer.de\/tatze\/#\/schema\/logo\/image\/\"}},{\"@type\":\"Person\",\"@id\":\"https:\/\/oliver-baer.de\/tatze\/#\/schema\/person\/5061b2c4e491b72f15a809aeda21ca13\",\"name\":\"Oliver Baer\",\"sameAs\":[\"http:\/\/www.oliver-baer.de\",\"https:\/\/www.linkedin.com\/in\/oliver-baer-98829327\/\"],\"url\":\"https:\/\/oliver-baer.de\/tatze\/author\/admin-2\"}]}<\/script>\n<!-- \/ Yoast SEO plugin. -->","yoast_head_json":{"title":"Das Lied vom Tod \u2013 und eines von der Liebe - baerentatze","robots":{"index":"index","follow":"follow","max-snippet":"max-snippet:-1","max-image-preview":"max-image-preview:large","max-video-preview":"max-video-preview:-1"},"canonical":"https:\/\/oliver-baer.de\/tatze\/das-lied-vom-tod-und-eines-von-der-liebe","og_locale":"de_DE","og_type":"article","og_title":"Das Lied vom Tod \u2013 und eines von der Liebe - baerentatze","og_description":"Leseprobe Nr. 1 aus Von Babylon nach Globylon Dem aufmerksamen Leser entgeht nicht, dass hier vom Leben und Sterben die Rede ist \u2013 als h\u00e4tten wir nicht schon in aller Sorgfalt gekl\u00e4rt, dass solche Rede nur passt, wenn man glaubt, die Sprache sei ein Organismus: Die Analogie taugt daher nichts bis zum schl\u00fcssigen Beweis des [&hellip;]","og_url":"https:\/\/oliver-baer.de\/tatze\/das-lied-vom-tod-und-eines-von-der-liebe","og_site_name":"baerentatze","article_published_time":"2011-06-11T15:20:24+00:00","article_modified_time":"2017-12-08T14:38:53+00:00","og_image":[{"url":"https:\/\/oliver-baer.de\/tatze\/wp-content\/uploads\/2012\/02\/Von-Babylon-nach-Globylon-timbre-e1498574456271.jpg"}],"author":"Oliver Baer","twitter_card":"summary_large_image","twitter_misc":{"Verfasst von":"Oliver Baer","Gesch\u00e4tzte Lesezeit":"2\u00a0Minuten"},"schema":{"@context":"https:\/\/schema.org","@graph":[{"@type":"Article","@id":"https:\/\/oliver-baer.de\/tatze\/das-lied-vom-tod-und-eines-von-der-liebe#article","isPartOf":{"@id":"https:\/\/oliver-baer.de\/tatze\/das-lied-vom-tod-und-eines-von-der-liebe"},"author":{"name":"Oliver Baer","@id":"https:\/\/oliver-baer.de\/tatze\/#\/schema\/person\/5061b2c4e491b72f15a809aeda21ca13"},"headline":"Das Lied vom Tod \u2013 und eines von der Liebe","datePublished":"2011-06-11T15:20:24+00:00","dateModified":"2017-12-08T14:38:53+00:00","mainEntityOfPage":{"@id":"https:\/\/oliver-baer.de\/tatze\/das-lied-vom-tod-und-eines-von-der-liebe"},"wordCount":364,"publisher":{"@id":"https:\/\/oliver-baer.de\/tatze\/#organization"},"image":{"@id":"https:\/\/oliver-baer.de\/tatze\/das-lied-vom-tod-und-eines-von-der-liebe#primaryimage"},"thumbnailUrl":"https:\/\/oliver-baer.de\/tatze\/wp-content\/uploads\/2012\/02\/Von-Babylon-nach-Globylon-timbre-e1498574456271.jpg","articleSection":["Globylon"],"inLanguage":"de"},{"@type":"WebPage","@id":"https:\/\/oliver-baer.de\/tatze\/das-lied-vom-tod-und-eines-von-der-liebe","url":"https:\/\/oliver-baer.de\/tatze\/das-lied-vom-tod-und-eines-von-der-liebe","name":"Das Lied vom Tod \u2013 und eines von der Liebe - baerentatze","isPartOf":{"@id":"https:\/\/oliver-baer.de\/tatze\/#website"},"primaryImageOfPage":{"@id":"https:\/\/oliver-baer.de\/tatze\/das-lied-vom-tod-und-eines-von-der-liebe#primaryimage"},"image":{"@id":"https:\/\/oliver-baer.de\/tatze\/das-lied-vom-tod-und-eines-von-der-liebe#primaryimage"},"thumbnailUrl":"https:\/\/oliver-baer.de\/tatze\/wp-content\/uploads\/2012\/02\/Von-Babylon-nach-Globylon-timbre-e1498574456271.jpg","datePublished":"2011-06-11T15:20:24+00:00","dateModified":"2017-12-08T14:38:53+00:00","breadcrumb":{"@id":"https:\/\/oliver-baer.de\/tatze\/das-lied-vom-tod-und-eines-von-der-liebe#breadcrumb"},"inLanguage":"de","potentialAction":[{"@type":"ReadAction","target":["https:\/\/oliver-baer.de\/tatze\/das-lied-vom-tod-und-eines-von-der-liebe"]}]},{"@type":"ImageObject","inLanguage":"de","@id":"https:\/\/oliver-baer.de\/tatze\/das-lied-vom-tod-und-eines-von-der-liebe#primaryimage","url":"https:\/\/oliver-baer.de\/tatze\/wp-content\/uploads\/2012\/02\/Von-Babylon-nach-Globylon-timbre-e1498574456271.jpg","contentUrl":"https:\/\/oliver-baer.de\/tatze\/wp-content\/uploads\/2012\/02\/Von-Babylon-nach-Globylon-timbre-e1498574456271.jpg","width":168,"height":249},{"@type":"BreadcrumbList","@id":"https:\/\/oliver-baer.de\/tatze\/das-lied-vom-tod-und-eines-von-der-liebe#breadcrumb","itemListElement":[{"@type":"ListItem","position":1,"name":"Startseite","item":"https:\/\/oliver-baer.de\/tatze"},{"@type":"ListItem","position":2,"name":"Das Lied vom Tod \u2013 und eines von der Liebe"}]},{"@type":"WebSite","@id":"https:\/\/oliver-baer.de\/tatze\/#website","url":"https:\/\/oliver-baer.de\/tatze\/","name":"baerentatze","description":"wo es um Sprache geht","publisher":{"@id":"https:\/\/oliver-baer.de\/tatze\/#organization"},"potentialAction":[{"@type":"SearchAction","target":{"@type":"EntryPoint","urlTemplate":"https:\/\/oliver-baer.de\/tatze\/?s={search_term_string}"},"query-input":"required name=search_term_string"}],"inLanguage":"de"},{"@type":"Organization","@id":"https:\/\/oliver-baer.de\/tatze\/#organization","name":"baerentatze","url":"https:\/\/oliver-baer.de\/tatze\/","logo":{"@type":"ImageObject","inLanguage":"de","@id":"https:\/\/oliver-baer.de\/tatze\/#\/schema\/logo\/image\/","url":"https:\/\/oliver-baer.de\/tatze\/wp-content\/uploads\/2024\/05\/cropped-tatze-icon-1-1.png","contentUrl":"https:\/\/oliver-baer.de\/tatze\/wp-content\/uploads\/2024\/05\/cropped-tatze-icon-1-1.png","width":1024,"height":1024,"caption":"baerentatze"},"image":{"@id":"https:\/\/oliver-baer.de\/tatze\/#\/schema\/logo\/image\/"}},{"@type":"Person","@id":"https:\/\/oliver-baer.de\/tatze\/#\/schema\/person\/5061b2c4e491b72f15a809aeda21ca13","name":"Oliver Baer","sameAs":["http:\/\/www.oliver-baer.de","https:\/\/www.linkedin.com\/in\/oliver-baer-98829327\/"],"url":"https:\/\/oliver-baer.de\/tatze\/author\/admin-2"}]}},"_links":{"self":[{"href":"https:\/\/oliver-baer.de\/tatze\/wp-json\/wp\/v2\/posts\/4475"}],"collection":[{"href":"https:\/\/oliver-baer.de\/tatze\/wp-json\/wp\/v2\/posts"}],"about":[{"href":"https:\/\/oliver-baer.de\/tatze\/wp-json\/wp\/v2\/types\/post"}],"author":[{"embeddable":true,"href":"https:\/\/oliver-baer.de\/tatze\/wp-json\/wp\/v2\/users\/18"}],"replies":[{"embeddable":true,"href":"https:\/\/oliver-baer.de\/tatze\/wp-json\/wp\/v2\/comments?post=4475"}],"version-history":[{"count":6,"href":"https:\/\/oliver-baer.de\/tatze\/wp-json\/wp\/v2\/posts\/4475\/revisions"}],"predecessor-version":[{"id":4932,"href":"https:\/\/oliver-baer.de\/tatze\/wp-json\/wp\/v2\/posts\/4475\/revisions\/4932"}],"wp:attachment":[{"href":"https:\/\/oliver-baer.de\/tatze\/wp-json\/wp\/v2\/media?parent=4475"}],"wp:term":[{"taxonomy":"category","embeddable":true,"href":"https:\/\/oliver-baer.de\/tatze\/wp-json\/wp\/v2\/categories?post=4475"},{"taxonomy":"post_tag","embeddable":true,"href":"https:\/\/oliver-baer.de\/tatze\/wp-json\/wp\/v2\/tags?post=4475"}],"curies":[{"name":"wp","href":"https:\/\/api.w.org\/{rel}","templated":true}]}}