{"id":3612,"date":"2015-11-23T19:56:52","date_gmt":"2015-11-23T18:56:52","guid":{"rendered":"https:\/\/oliver-baer.de\/tatze\/?p=3612"},"modified":"2017-12-05T12:29:19","modified_gmt":"2017-12-05T11:29:19","slug":"spottolski-pegida-und-kopftuch","status":"publish","type":"post","link":"https:\/\/oliver-baer.de\/tatze\/spottolski-pegida-und-kopftuch","title":{"rendered":"Spottolski, Pegida und Kopftuch"},"content":{"rendered":"<p>\u201eChef\u201c, sagt Spottolski von der Fensterbank her. \u201eChef, die Miezen da dr\u00fcben, die meiden unseren Garten. Sie sagen, du w\u00e4rst ein Pegidaversteher, igitt.\u201c<\/p>\n<p>\u201eDeine Miezen? K\u00f6nnen wohl kein Deutsch,\u201c sage ich und weil er so verloren dreinschaut: \u201eEifer ist kein Ersatz f\u00fcr klares Denken.\u201c  Da guckt Spottolski noch nicht kl\u00fcger. \u201e<em><strong>Verstehen<\/strong><\/em> kann man mit <em><strong>billigen<\/strong><\/em> eigentlich nicht verwechseln!\u201c f\u00fcge ich hinzu. <\/p>\n<figure id=\"attachment_3620\" aria-describedby=\"caption-attachment-3620\" style=\"width: 467px\" class=\"wp-caption alignleft\"><img loading=\"lazy\" decoding=\"async\" src=\"https:\/\/oliver-baer.de\/tatze\/wp-content\/uploads\/2015\/11\/30-kamele_red.jpg\" alt=\"\" title=\"30-kamele_red\" width=\"467\" height=\"350\" class=\"size-full wp-image-3620\" srcset=\"https:\/\/oliver-baer.de\/tatze\/wp-content\/uploads\/2015\/11\/30-kamele_red.jpg 467w, https:\/\/oliver-baer.de\/tatze\/wp-content\/uploads\/2015\/11\/30-kamele_red-300x224.jpg 300w\" sizes=\"(max-width: 467px) 100vw, 467px\" \/><figcaption id=\"caption-attachment-3620\" class=\"wp-caption-text\">Verstehst du das, Suli? Zuerst waren sie Fl\u00fcchtlinge, weil hier dauernd geschossen wird.  Dann erz\u00e4hlt ein Schlaumeier, hier w\u00e4r alles ruhig, eigentlich sei Syrien wie Sylt, nur billiger, und mehr D\u00fcnen. Nun sind sie auf einmal Terroristen, auch die Kinder \u2013 das m\u00fcsste man ihnen doch ansehen. Suleika, schau mal, schauen die aus wie na du wei\u00dft schon? (Bild: \u00a9 Behland)<\/figcaption><\/figure>\n<p>\u201eAch so\u201c, mimt Spottolski den Kl\u00fcgeren, der bekanntlich nachgibt, \u201eund was du gegen das Kopftuch h\u00e4ttest, m\u00f6chten sie wissen.\u201c<\/p>\n<p>\u201eWie kommst du darauf?\u201c<\/p>\n<p>\u201eDie Miezen sagen, das Kopftuch tragen sie zu Ehren des Christkindes.\u201c<\/p>\n<p>\u201eUnd die Weiber im Westen tragen Bikini zu Ehren des Papstes.\u201c<\/p>\n<p>\u201eDas hat doch damit nichts zu tun!\u201c wirft Spottolski ein.<\/p>\n<p>\u201eDu sagst es. Mit dem Kopftuch halten die M\u00e4nner in r\u00fcckst\u00e4ndigen Gesellschaften ihre Frauen an der kurzen Leine.\u201c Spottolski schaut drein, als wollte er \u201eWa?\u201c sagen. <\/p>\n<p>Er sagt: \u201eWa?\u201c<\/p>\n<p>\u201eWie bescheuert du gucken kannst!\u201c sage ich. \u201eSobald eine Frau ihre Haare \u00f6ffnet, bestimmt sie das Geschehen. Da kommt der Mann nicht mehr mit, die Frau ist ihm erotisch einfach \u00fcberlegen. Das wissen die Imame.\u201c<\/p>\n<p>Spottolski blickt sparsam drein, bei seinen Miezen ist das nat\u00fcrlich ganz anders. Ich fahre fort: \u201eDas kann man verstehen, die M\u00e4nner m\u00f6chten im Bett eine Schlampe und im \u00fcbrigen soll sie sich mit keiner eigenen Meinung einmengen. Solange sich die Frau verh\u00fcllt, ist sie gef\u00fcgig, das Signal ist deutlich. Die entsprechenden Vorschriften haben mit dem Islam so viel zu tun wie Tangas mit dem Evangelium. \u00dcbrigens hat auch der Islamismus mit dem Islam nicht viel zu tun.\u201c<\/p>\n<p>\u201eWarum lassen sich die Frauen darauf ein?\u201c<\/p>\n<p>\u201eSie fallen auf einen Trick herein.\u201c<\/p>\n<p>\u201eEin Trick zum Unterdr\u00fccken der Miezen? Lass h\u00f6ren, erz\u00e4hl!\u201c<\/p>\n<p>\u201eEin ideologischer Doppelpass. Die M\u00e4nner behaupten, Allah w\u00fcnscht, dass sie sich verh\u00fcllen mit der Burka, dem Kopftuch \u2013 das ist in jedem islamischen Land anders \u2013, und zugleich haben sie festgelegt, dass Frauen zu einer anderen Auslegung des Korans nichts, aber auch gar nichts beizutragen haben &#8211; Querpass zur\u00fcck, Schuss, Tor! Eine lupenreine Erfindung zur Dem\u00fctigung der Frauen.\u201c<\/p>\n<p>\u201eUnd was tut Allah?\u201c<\/p>\n<p>\u201eWer wei\u00df? Wahrscheinlich wundert er sich, was sich die Weiber bieten lassen in seinem Namen, und solange sie nicht von selber aufmucken, tut er sowieso nichts.\u201c  <\/p>\n<p>\u201eChef, und du muckst auf gegen die Pegidanichtversteher? Wer hilft dir dabei, die Gr\u00fcnen?\u201c<\/p>\n<p>\u201eDie sind ja nun auch unw\u00e4hlbar geworden. Schau dir dieses Bild im <a href=\"http:\/\/www.spiegel.de\/politik\/deutschland\/bild-1061958-919980.html\" target=\"_blank\">SPIEGEL<\/a> an: <em><strong>\u201aTu was gegen Rechts! und Pegidaversteher.\u2018<\/strong><\/em>\u201c <\/p>\n<p>\u201eStimmt doch, sogar die Rechtschreibung, beinahe.\u201c<\/p>\n<p>\u201eEnth\u00e4lt aber zwei Denkfehler. Spotto, du bist doch sonst nicht so d\u00f6sig. Was tut der Kommissar, damit er dem T\u00e4ter auf die Schliche kommt? Er sucht ihn zu verstehen. Sonst stochert er mit der Stange im Nebel herum.\u201c<\/p>\n<p>\u201eUnd worin stocherst du?\u201c<\/p>\n<p>\u201eIn der Pegida. Da gibt es \u2013 au\u00dfer ein paar Nazis und einer Handvoll Leute, die sich bei dem Wort Islam spontan in die Hose schei\u00dfen \u2013 eine Mehrheit von Leuten, deren Sorgen und \u00c4ngste ganz normal sind: Denen macht die Politik deutlich, dass ihre Sorgen unbegr\u00fcndet sind. Das sind s\u00e4chsische Nichtw\u00e4hler und die haben haufenweise Gr\u00fcnde, die ihnen keiner glaubhaft und arroganzfrei widerlegt.\u201c<\/p>\n<p>\u201eVerstehe\u201c, sagt Spottolski, \u201eund die lockt man zur Wahlurne, indem man sie beschimpft. Genial.\u201c <\/p>\n<p>\u201eDas geht so: F\u00fcnfzig Prozent der W\u00e4hler sind Nichtw\u00e4hler, die sind bl\u00f6d, \u00fcberhaupt ist das Wahlvolk &#8211; Schwamm dr\u00fcber -, es wei\u00df nicht, wo es langgeht, da kann man die Wehrlosen ruhig mal ausgrenzen. \u00dcbrig bleibt das wohlige Gef\u00fchl ein besserer Mensch zu sein, wenn man auf andere herabblicken kann.\u201c<\/p>\n<p>\u201eUnd das soll ich jetzt meinen Miezen ausreden?\u201c <\/p>\n<p>\u201eKannste vergessen. Sag ihnen, dein Chef spinnt, ist aber harmlos, fast harmlos. Halt, warte mal!\u201c Ich schaue meinem Spottolski in die Augen. \u201eFordere sie mal auf \u201aTu was <em><strong>gegen<\/strong><\/em> rechts\u2018 zu ersetzen durch einen Satz mit dem Wort <em><strong>f\u00fcr<\/strong><\/em>.\u201c <\/p>\n<p>\u201eWarum? Wie zum Beispiel?\u201c<\/p>\n<p>\u201eZum Beispiel: \u201aF\u00fcr ideologiefreie Bildung!\u2018 \u2013 Schule ohne Moralkeule w\u00fcrde den Sumpf Rechtsau\u00dfen binnen einer Generation trockenlegen. Weil sie dann selber denken m\u00fcssten, die Lehrer und die Sch\u00fcler. Aber \u201aTu was gegen Rechts!\u2018  br\u00fcllen ist bequemer. Da muss im Gehirn nicht eine Synapse zur Teilnahme bewegt werden.\u201c <\/p>\n<p>\u201eChef\u201c, sagt Spottolski, \u201esag mal was Nettes zu meinen Miezen!\u201c<\/p>\n<p>\u201eWie denn? Reicht es nicht, dass ich mit meinem Kater rede, als ob &#8230; Na gut, sag ihnen, ich spendiere eine B\u00fcchse Thunfisch f\u00fcr den besten <em><strong>F\u00fcr<\/strong><\/em>-Satz.\u201c<\/p>\n","protected":false},"excerpt":{"rendered":"<p>\u201eChef\u201c, sagt Spottolski von der Fensterbank her. \u201eChef, die Miezen da dr\u00fcben, die meiden unseren Garten. Sie sagen, du w\u00e4rst ein Pegidaversteher, igitt.\u201c \u201eDeine Miezen? K\u00f6nnen wohl kein Deutsch,\u201c sage ich und weil er so verloren dreinschaut: \u201eEifer ist kein Ersatz f\u00fcr klares Denken.\u201c Da guckt Spottolski noch nicht kl\u00fcger. \u201eVerstehen kann man mit billigen [&hellip;]<\/p>\n","protected":false},"author":18,"featured_media":0,"comment_status":"open","ping_status":"open","sticky":false,"template":"","format":"standard","meta":{"footnotes":""},"categories":[11],"tags":[],"yoast_head":"<!-- This site is optimized with the Yoast SEO plugin v22.7 - https:\/\/yoast.com\/wordpress\/plugins\/seo\/ -->\n<title>Spottolski, Pegida und Kopftuch - baerentatze<\/title>\n<meta name=\"robots\" content=\"index, follow, max-snippet:-1, max-image-preview:large, max-video-preview:-1\" \/>\n<link rel=\"canonical\" href=\"https:\/\/oliver-baer.de\/tatze\/spottolski-pegida-und-kopftuch\" \/>\n<meta property=\"og:locale\" content=\"de_DE\" \/>\n<meta property=\"og:type\" content=\"article\" \/>\n<meta property=\"og:title\" content=\"Spottolski, Pegida und Kopftuch - baerentatze\" \/>\n<meta property=\"og:description\" content=\"\u201eChef\u201c, sagt Spottolski von der Fensterbank her. \u201eChef, die Miezen da dr\u00fcben, die meiden unseren Garten. Sie sagen, du w\u00e4rst ein Pegidaversteher, igitt.\u201c \u201eDeine Miezen? K\u00f6nnen wohl kein Deutsch,\u201c sage ich und weil er so verloren dreinschaut: \u201eEifer ist kein Ersatz f\u00fcr klares Denken.\u201c Da guckt Spottolski noch nicht kl\u00fcger. \u201eVerstehen kann man mit billigen [&hellip;]\" \/>\n<meta property=\"og:url\" content=\"https:\/\/oliver-baer.de\/tatze\/spottolski-pegida-und-kopftuch\" \/>\n<meta property=\"og:site_name\" content=\"baerentatze\" \/>\n<meta property=\"article:published_time\" content=\"2015-11-23T18:56:52+00:00\" \/>\n<meta property=\"article:modified_time\" content=\"2017-12-05T11:29:19+00:00\" \/>\n<meta property=\"og:image\" content=\"https:\/\/oliver-baer.de\/tatze\/wp-content\/uploads\/2015\/11\/30-kamele_red.jpg\" \/>\n<meta name=\"author\" content=\"Oliver Baer\" \/>\n<meta name=\"twitter:card\" content=\"summary_large_image\" \/>\n<meta name=\"twitter:label1\" content=\"Verfasst von\" \/>\n\t<meta name=\"twitter:data1\" content=\"Oliver Baer\" \/>\n\t<meta name=\"twitter:label2\" content=\"Gesch\u00e4tzte Lesezeit\" \/>\n\t<meta name=\"twitter:data2\" content=\"4\u00a0Minuten\" \/>\n<script type=\"application\/ld+json\" class=\"yoast-schema-graph\">{\"@context\":\"https:\/\/schema.org\",\"@graph\":[{\"@type\":\"Article\",\"@id\":\"https:\/\/oliver-baer.de\/tatze\/spottolski-pegida-und-kopftuch#article\",\"isPartOf\":{\"@id\":\"https:\/\/oliver-baer.de\/tatze\/spottolski-pegida-und-kopftuch\"},\"author\":{\"name\":\"Oliver Baer\",\"@id\":\"https:\/\/oliver-baer.de\/tatze\/#\/schema\/person\/5061b2c4e491b72f15a809aeda21ca13\"},\"headline\":\"Spottolski, Pegida und Kopftuch\",\"datePublished\":\"2015-11-23T18:56:52+00:00\",\"dateModified\":\"2017-12-05T11:29:19+00:00\",\"mainEntityOfPage\":{\"@id\":\"https:\/\/oliver-baer.de\/tatze\/spottolski-pegida-und-kopftuch\"},\"wordCount\":836,\"commentCount\":0,\"publisher\":{\"@id\":\"https:\/\/oliver-baer.de\/tatze\/#organization\"},\"image\":{\"@id\":\"https:\/\/oliver-baer.de\/tatze\/spottolski-pegida-und-kopftuch#primaryimage\"},\"thumbnailUrl\":\"https:\/\/oliver-baer.de\/tatze\/wp-content\/uploads\/2015\/11\/30-kamele_red.jpg\",\"articleSection\":[\"Spottolski\"],\"inLanguage\":\"de\",\"potentialAction\":[{\"@type\":\"CommentAction\",\"name\":\"Comment\",\"target\":[\"https:\/\/oliver-baer.de\/tatze\/spottolski-pegida-und-kopftuch#respond\"]}]},{\"@type\":\"WebPage\",\"@id\":\"https:\/\/oliver-baer.de\/tatze\/spottolski-pegida-und-kopftuch\",\"url\":\"https:\/\/oliver-baer.de\/tatze\/spottolski-pegida-und-kopftuch\",\"name\":\"Spottolski, Pegida und Kopftuch - baerentatze\",\"isPartOf\":{\"@id\":\"https:\/\/oliver-baer.de\/tatze\/#website\"},\"primaryImageOfPage\":{\"@id\":\"https:\/\/oliver-baer.de\/tatze\/spottolski-pegida-und-kopftuch#primaryimage\"},\"image\":{\"@id\":\"https:\/\/oliver-baer.de\/tatze\/spottolski-pegida-und-kopftuch#primaryimage\"},\"thumbnailUrl\":\"https:\/\/oliver-baer.de\/tatze\/wp-content\/uploads\/2015\/11\/30-kamele_red.jpg\",\"datePublished\":\"2015-11-23T18:56:52+00:00\",\"dateModified\":\"2017-12-05T11:29:19+00:00\",\"breadcrumb\":{\"@id\":\"https:\/\/oliver-baer.de\/tatze\/spottolski-pegida-und-kopftuch#breadcrumb\"},\"inLanguage\":\"de\",\"potentialAction\":[{\"@type\":\"ReadAction\",\"target\":[\"https:\/\/oliver-baer.de\/tatze\/spottolski-pegida-und-kopftuch\"]}]},{\"@type\":\"ImageObject\",\"inLanguage\":\"de\",\"@id\":\"https:\/\/oliver-baer.de\/tatze\/spottolski-pegida-und-kopftuch#primaryimage\",\"url\":\"https:\/\/oliver-baer.de\/tatze\/wp-content\/uploads\/2015\/11\/30-kamele_red.jpg\",\"contentUrl\":\"https:\/\/oliver-baer.de\/tatze\/wp-content\/uploads\/2015\/11\/30-kamele_red.jpg\",\"width\":\"467\",\"height\":\"350\",\"caption\":\"Verstehst du das, Suli? Zuerst waren sie Fl\u00fcchtlinge, weil hier dauernd geschossen wird. Dann erz\u00e4hlt ein Schlaumeier, hier sei alles ruhig, eigentlich sei Syrien wie Sylt, aber billiger, und mehr D\u00fcnen. Und nun sind sie Terroristen, alle, auch die Kleinkinder \u2013 das m\u00fcsste man ihnen doch ansehen. Was meinst du Suli? (Bild: Behland)\"},{\"@type\":\"BreadcrumbList\",\"@id\":\"https:\/\/oliver-baer.de\/tatze\/spottolski-pegida-und-kopftuch#breadcrumb\",\"itemListElement\":[{\"@type\":\"ListItem\",\"position\":1,\"name\":\"Startseite\",\"item\":\"https:\/\/oliver-baer.de\/tatze\"},{\"@type\":\"ListItem\",\"position\":2,\"name\":\"Spottolski, Pegida und Kopftuch\"}]},{\"@type\":\"WebSite\",\"@id\":\"https:\/\/oliver-baer.de\/tatze\/#website\",\"url\":\"https:\/\/oliver-baer.de\/tatze\/\",\"name\":\"baerentatze\",\"description\":\"wo es um Sprache geht\",\"publisher\":{\"@id\":\"https:\/\/oliver-baer.de\/tatze\/#organization\"},\"potentialAction\":[{\"@type\":\"SearchAction\",\"target\":{\"@type\":\"EntryPoint\",\"urlTemplate\":\"https:\/\/oliver-baer.de\/tatze\/?s={search_term_string}\"},\"query-input\":\"required name=search_term_string\"}],\"inLanguage\":\"de\"},{\"@type\":\"Organization\",\"@id\":\"https:\/\/oliver-baer.de\/tatze\/#organization\",\"name\":\"baerentatze\",\"url\":\"https:\/\/oliver-baer.de\/tatze\/\",\"logo\":{\"@type\":\"ImageObject\",\"inLanguage\":\"de\",\"@id\":\"https:\/\/oliver-baer.de\/tatze\/#\/schema\/logo\/image\/\",\"url\":\"https:\/\/oliver-baer.de\/tatze\/wp-content\/uploads\/2024\/05\/cropped-tatze-icon-1-1.png\",\"contentUrl\":\"https:\/\/oliver-baer.de\/tatze\/wp-content\/uploads\/2024\/05\/cropped-tatze-icon-1-1.png\",\"width\":1024,\"height\":1024,\"caption\":\"baerentatze\"},\"image\":{\"@id\":\"https:\/\/oliver-baer.de\/tatze\/#\/schema\/logo\/image\/\"}},{\"@type\":\"Person\",\"@id\":\"https:\/\/oliver-baer.de\/tatze\/#\/schema\/person\/5061b2c4e491b72f15a809aeda21ca13\",\"name\":\"Oliver Baer\",\"sameAs\":[\"http:\/\/www.oliver-baer.de\",\"https:\/\/www.linkedin.com\/in\/oliver-baer-98829327\/\"],\"url\":\"https:\/\/oliver-baer.de\/tatze\/author\/admin-2\"}]}<\/script>\n<!-- \/ Yoast SEO plugin. -->","yoast_head_json":{"title":"Spottolski, Pegida und Kopftuch - baerentatze","robots":{"index":"index","follow":"follow","max-snippet":"max-snippet:-1","max-image-preview":"max-image-preview:large","max-video-preview":"max-video-preview:-1"},"canonical":"https:\/\/oliver-baer.de\/tatze\/spottolski-pegida-und-kopftuch","og_locale":"de_DE","og_type":"article","og_title":"Spottolski, Pegida und Kopftuch - baerentatze","og_description":"\u201eChef\u201c, sagt Spottolski von der Fensterbank her. \u201eChef, die Miezen da dr\u00fcben, die meiden unseren Garten. Sie sagen, du w\u00e4rst ein Pegidaversteher, igitt.\u201c \u201eDeine Miezen? K\u00f6nnen wohl kein Deutsch,\u201c sage ich und weil er so verloren dreinschaut: \u201eEifer ist kein Ersatz f\u00fcr klares Denken.\u201c Da guckt Spottolski noch nicht kl\u00fcger. \u201eVerstehen kann man mit billigen [&hellip;]","og_url":"https:\/\/oliver-baer.de\/tatze\/spottolski-pegida-und-kopftuch","og_site_name":"baerentatze","article_published_time":"2015-11-23T18:56:52+00:00","article_modified_time":"2017-12-05T11:29:19+00:00","og_image":[{"url":"https:\/\/oliver-baer.de\/tatze\/wp-content\/uploads\/2015\/11\/30-kamele_red.jpg"}],"author":"Oliver Baer","twitter_card":"summary_large_image","twitter_misc":{"Verfasst von":"Oliver Baer","Gesch\u00e4tzte Lesezeit":"4\u00a0Minuten"},"schema":{"@context":"https:\/\/schema.org","@graph":[{"@type":"Article","@id":"https:\/\/oliver-baer.de\/tatze\/spottolski-pegida-und-kopftuch#article","isPartOf":{"@id":"https:\/\/oliver-baer.de\/tatze\/spottolski-pegida-und-kopftuch"},"author":{"name":"Oliver Baer","@id":"https:\/\/oliver-baer.de\/tatze\/#\/schema\/person\/5061b2c4e491b72f15a809aeda21ca13"},"headline":"Spottolski, Pegida und Kopftuch","datePublished":"2015-11-23T18:56:52+00:00","dateModified":"2017-12-05T11:29:19+00:00","mainEntityOfPage":{"@id":"https:\/\/oliver-baer.de\/tatze\/spottolski-pegida-und-kopftuch"},"wordCount":836,"commentCount":0,"publisher":{"@id":"https:\/\/oliver-baer.de\/tatze\/#organization"},"image":{"@id":"https:\/\/oliver-baer.de\/tatze\/spottolski-pegida-und-kopftuch#primaryimage"},"thumbnailUrl":"https:\/\/oliver-baer.de\/tatze\/wp-content\/uploads\/2015\/11\/30-kamele_red.jpg","articleSection":["Spottolski"],"inLanguage":"de","potentialAction":[{"@type":"CommentAction","name":"Comment","target":["https:\/\/oliver-baer.de\/tatze\/spottolski-pegida-und-kopftuch#respond"]}]},{"@type":"WebPage","@id":"https:\/\/oliver-baer.de\/tatze\/spottolski-pegida-und-kopftuch","url":"https:\/\/oliver-baer.de\/tatze\/spottolski-pegida-und-kopftuch","name":"Spottolski, Pegida und Kopftuch - baerentatze","isPartOf":{"@id":"https:\/\/oliver-baer.de\/tatze\/#website"},"primaryImageOfPage":{"@id":"https:\/\/oliver-baer.de\/tatze\/spottolski-pegida-und-kopftuch#primaryimage"},"image":{"@id":"https:\/\/oliver-baer.de\/tatze\/spottolski-pegida-und-kopftuch#primaryimage"},"thumbnailUrl":"https:\/\/oliver-baer.de\/tatze\/wp-content\/uploads\/2015\/11\/30-kamele_red.jpg","datePublished":"2015-11-23T18:56:52+00:00","dateModified":"2017-12-05T11:29:19+00:00","breadcrumb":{"@id":"https:\/\/oliver-baer.de\/tatze\/spottolski-pegida-und-kopftuch#breadcrumb"},"inLanguage":"de","potentialAction":[{"@type":"ReadAction","target":["https:\/\/oliver-baer.de\/tatze\/spottolski-pegida-und-kopftuch"]}]},{"@type":"ImageObject","inLanguage":"de","@id":"https:\/\/oliver-baer.de\/tatze\/spottolski-pegida-und-kopftuch#primaryimage","url":"https:\/\/oliver-baer.de\/tatze\/wp-content\/uploads\/2015\/11\/30-kamele_red.jpg","contentUrl":"https:\/\/oliver-baer.de\/tatze\/wp-content\/uploads\/2015\/11\/30-kamele_red.jpg","width":"467","height":"350","caption":"Verstehst du das, Suli? Zuerst waren sie Fl\u00fcchtlinge, weil hier dauernd geschossen wird. Dann erz\u00e4hlt ein Schlaumeier, hier sei alles ruhig, eigentlich sei Syrien wie Sylt, aber billiger, und mehr D\u00fcnen. Und nun sind sie Terroristen, alle, auch die Kleinkinder \u2013 das m\u00fcsste man ihnen doch ansehen. Was meinst du Suli? (Bild: Behland)"},{"@type":"BreadcrumbList","@id":"https:\/\/oliver-baer.de\/tatze\/spottolski-pegida-und-kopftuch#breadcrumb","itemListElement":[{"@type":"ListItem","position":1,"name":"Startseite","item":"https:\/\/oliver-baer.de\/tatze"},{"@type":"ListItem","position":2,"name":"Spottolski, Pegida und Kopftuch"}]},{"@type":"WebSite","@id":"https:\/\/oliver-baer.de\/tatze\/#website","url":"https:\/\/oliver-baer.de\/tatze\/","name":"baerentatze","description":"wo es um Sprache geht","publisher":{"@id":"https:\/\/oliver-baer.de\/tatze\/#organization"},"potentialAction":[{"@type":"SearchAction","target":{"@type":"EntryPoint","urlTemplate":"https:\/\/oliver-baer.de\/tatze\/?s={search_term_string}"},"query-input":"required name=search_term_string"}],"inLanguage":"de"},{"@type":"Organization","@id":"https:\/\/oliver-baer.de\/tatze\/#organization","name":"baerentatze","url":"https:\/\/oliver-baer.de\/tatze\/","logo":{"@type":"ImageObject","inLanguage":"de","@id":"https:\/\/oliver-baer.de\/tatze\/#\/schema\/logo\/image\/","url":"https:\/\/oliver-baer.de\/tatze\/wp-content\/uploads\/2024\/05\/cropped-tatze-icon-1-1.png","contentUrl":"https:\/\/oliver-baer.de\/tatze\/wp-content\/uploads\/2024\/05\/cropped-tatze-icon-1-1.png","width":1024,"height":1024,"caption":"baerentatze"},"image":{"@id":"https:\/\/oliver-baer.de\/tatze\/#\/schema\/logo\/image\/"}},{"@type":"Person","@id":"https:\/\/oliver-baer.de\/tatze\/#\/schema\/person\/5061b2c4e491b72f15a809aeda21ca13","name":"Oliver Baer","sameAs":["http:\/\/www.oliver-baer.de","https:\/\/www.linkedin.com\/in\/oliver-baer-98829327\/"],"url":"https:\/\/oliver-baer.de\/tatze\/author\/admin-2"}]}},"_links":{"self":[{"href":"https:\/\/oliver-baer.de\/tatze\/wp-json\/wp\/v2\/posts\/3612"}],"collection":[{"href":"https:\/\/oliver-baer.de\/tatze\/wp-json\/wp\/v2\/posts"}],"about":[{"href":"https:\/\/oliver-baer.de\/tatze\/wp-json\/wp\/v2\/types\/post"}],"author":[{"embeddable":true,"href":"https:\/\/oliver-baer.de\/tatze\/wp-json\/wp\/v2\/users\/18"}],"replies":[{"embeddable":true,"href":"https:\/\/oliver-baer.de\/tatze\/wp-json\/wp\/v2\/comments?post=3612"}],"version-history":[{"count":42,"href":"https:\/\/oliver-baer.de\/tatze\/wp-json\/wp\/v2\/posts\/3612\/revisions"}],"predecessor-version":[{"id":4819,"href":"https:\/\/oliver-baer.de\/tatze\/wp-json\/wp\/v2\/posts\/3612\/revisions\/4819"}],"wp:attachment":[{"href":"https:\/\/oliver-baer.de\/tatze\/wp-json\/wp\/v2\/media?parent=3612"}],"wp:term":[{"taxonomy":"category","embeddable":true,"href":"https:\/\/oliver-baer.de\/tatze\/wp-json\/wp\/v2\/categories?post=3612"},{"taxonomy":"post_tag","embeddable":true,"href":"https:\/\/oliver-baer.de\/tatze\/wp-json\/wp\/v2\/tags?post=3612"}],"curies":[{"name":"wp","href":"https:\/\/api.w.org\/{rel}","templated":true}]}}